{"id":35686,"date":"2021-03-03T23:24:47","date_gmt":"2021-03-04T02:24:47","guid":{"rendered":"http:\/\/vocesparalelas.com.ar\/sitio\/?p=35686"},"modified":"2021-03-03T23:24:47","modified_gmt":"2021-03-04T02:24:47","slug":"tenemos-un-proyecto-sobre-la-gestion-del-recurso-hidrico-en-el-que-usariamos-informacion-de-la-constelacion-arsat","status":"publish","type":"post","link":"https:\/\/vocesparalelas.com.ar\/sitio\/tenemos-un-proyecto-sobre-la-gestion-del-recurso-hidrico-en-el-que-usariamos-informacion-de-la-constelacion-arsat\/","title":{"rendered":"\u201cTenemos un proyecto sobre la gesti\u00f3n del recurso h\u00eddrico en el que usar\u00edamos informaci\u00f3n de la constelaci\u00f3n ARSAT\u201d"},"content":{"rendered":"<p>El INTA San Juan tiene nueva Directora. En realidad, es la primera vez que ese instituto a nivel local tiene en su direcci\u00f3n a una mujer. Es M\u00f3nica Ruiz, bi\u00f3loga de la Facultad de Ciencias Exactas, F\u00edsicas y Naturales de la UNSJ, quien tiene una gran experiencia en el trabajo en esa Estaci\u00f3n Experimental. Asume este viernes 5 de marzo.<\/p>\n<h4>Por Fabi\u00e1n Rojas<\/h4>\n<p>En 2002, M\u00f3nica Beatriz Ruiz egres\u00f3 como Licenciada en Biolog\u00eda de la Facultad de Ciencias Exactas, F\u00edsicas y Naturales de la UNSJ. En la cl\u00e1sica ceremonia de Colaci\u00f3n de Grado, fue distinguida con la Medalla de Oro de su promoci\u00f3n. Dos a\u00f1os despu\u00e9s, ya era docente de Biolog\u00eda y comenz\u00f3 su carrera en el Instituto Nacional de Tecnolog\u00eda Agropecuaria \u2013 INTA &#8211; como becaria en el \u00e1rea de investigaci\u00f3n. Cuando se cre\u00f3 la carrera de Ingenier\u00eda Agron\u00f3mica entre la UNSJ y el INTA, en 2005, comenz\u00f3 a dictar clases para esa carrera y trabaj\u00f3 siempre en la gesti\u00f3n del Departamento de Ingenier\u00eda Agron\u00f3mica, de donde fue subjefa por dos per\u00edodos. \u201cMi trabajo siempre ha sido en paralelo en el INTA y en la UNSJ\u201d, cuenta. Conoce, pues, la Estaci\u00f3n Experimental Agropecuaria San Juan y pondera como \u201checho hist\u00f3rico\u201d el que una mujer sea hoy Directora de ese instituto. Tiene mirada agroecol\u00f3gica y el foco puesto en proyectos con desarrollos tecnol\u00f3gicos nacionales para abordar la gesti\u00f3n del recurso h\u00eddrico en San Juan.<\/p>\n<figure id=\"attachment_35689\" aria-describedby=\"caption-attachment-35689\" style=\"width: 800px\" class=\"wp-caption alignnone\"><img loading=\"lazy\" decoding=\"async\" class=\"wp-image-35689 size-full\" src=\"https:\/\/vocesparalelas.com.ar\/sitio\/wp-content\/uploads\/2021\/03\/Lic.-Monica-Beatriz-Ruiz-02.jpg\" alt=\"\" width=\"800\" height=\"600\" srcset=\"https:\/\/vocesparalelas.com.ar\/sitio\/wp-content\/uploads\/2021\/03\/Lic.-Monica-Beatriz-Ruiz-02.jpg 800w, https:\/\/vocesparalelas.com.ar\/sitio\/wp-content\/uploads\/2021\/03\/Lic.-Monica-Beatriz-Ruiz-02-300x225.jpg 300w, https:\/\/vocesparalelas.com.ar\/sitio\/wp-content\/uploads\/2021\/03\/Lic.-Monica-Beatriz-Ruiz-02-768x576.jpg 768w\" sizes=\"auto, (max-width: 800px) 100vw, 800px\" \/><figcaption id=\"caption-attachment-35689\" class=\"wp-caption-text\">Lic. M\u00f3nica Beatriz Ruiz<\/figcaption><\/figure>\n<p><strong>\u2013 \u00bfC\u00f3mo cree que est\u00e1 trabajando INTA en los \u00faltimos a\u00f1os?<\/strong><\/p>\n<p>&#8211; El INTA es una instituci\u00f3n que tiene un fuerte anclaje territorial, llega a todos los rincones del pa\u00eds con gente que trabaja much\u00edsimo en pos del bienestar com\u00fan. Durante algunos gobiernos los recursos fueron muy escasos y eso se nota, ya que genera un deterioro de la infraestructura y los equipamientos. Pero en los dos \u00faltimos a\u00f1os el presupuesto ha mejorado y eso es esperanzador para la instituci\u00f3n.<\/p>\n<p><strong>\u2013 \u00bfQu\u00e9 es lo primero que siente que hay que hacer desde INTA San Juan?<\/strong><\/p>\n<p>&#8211; El INTA San Juan tiene una ventaja muy importante con respecto a otras experimentales y es la Unidad Integrada que formamos con la UNSJ. La potencialidad de la Unidad Integrada radica principalmente en la coincidencia de recursos humanos provenientes del \u00e1mbito acad\u00e9mico, UNSJ, con recursos humanos como los de INTA, que tienen contacto directo con el sector y conocen en detalle su problem\u00e1tica. Esta conjunci\u00f3n de recursos humanos con diferentes visiones le da a la Unidad la posibilidad de abordar las problem\u00e1ticas del sector de manera m\u00e1s integral. En este sentido es muy importante motorizar la formaci\u00f3n de equipos de trabajo mixtos y gestionar la obtenci\u00f3n de recursos financieros provenientes de diferentes fuentes de financiamiento, tanto p\u00fablicas como privadas, nacionales e internacionales. Es decir, potenciar la sinergia interinstitucional, no s\u00f3lo con la UNSJ que es ya un v\u00ednculo virtuoso, sino con otros organismos de ciencia y t\u00e9cnica.<\/p>\n<p><strong>-El Programa PROHUERTA ya tiene 30 a\u00f1os y ha sido debilitado en algunos a\u00f1os, \u00bfqu\u00e9 visi\u00f3n tiene de \u00e9l?<\/strong><\/p>\n<p>-PROHUERTA es y ha sido durante a\u00f1os una cara muy visible del INTA, ya que llega a toda la comunidad. Durante la crisis sanitaria que atravesamos qued\u00f3 muy evidente que la autoproducci\u00f3n y los mercados de cercan\u00eda son claves para la seguridad alimentaria. Y en eso el PROHUERTA es clave, ya que tiene muchos a\u00f1os de trabajo en el territorio y una red de colaboradores muy importante.<\/p>\n<p><strong>\u2013 Con esta sequ\u00eda actual en San Juan, \u00bfhay alg\u00fan proyecto para trabajar desde INTA?<\/strong><\/p>\n<p>-S\u00ed, desde INTA hay muchas l\u00edneas de trabajo que tiene como eje principal el agua, muchas relacionadas a riego, a eficiencia de los sistemas de riego y tambi\u00e9n a cultivos que sean m\u00e1s eficientes en el uso del agua. Pero hay dos acciones muy concretas que estamos terminando de elaborar que son un proyecto interinstitucional en agua donde participan el INTA, el INA (Instituto Nacional del Agua), la UNSJ y la CONAE (Comisi\u00f3n Nacional de Actividades Espaciales) y que abordar\u00e1 la gesti\u00f3n del recurso h\u00eddrico a nivel de cuenca. Es decir, el proyecto es para tratar de ver el recurso h\u00eddrico en toda su trayectoria, desde que nace en la cordillera, c\u00f3mo se usa en el oasis y c\u00f3mo llega al desierto. Y en base a eso proponer algunas soluciones, no ejecutarlas, eso es competencia de los entes de Gobierno provincial.<\/p>\n<p><strong>\u2013 \u00bfPor qu\u00e9 trabajar\u00edan junto con la Comisi\u00f3n Nacional de Actividades Espaciales?<\/strong><\/p>\n<p>-Est\u00e1 la CONAE porque usar\u00edamos toda la informaci\u00f3n generada por la constelaci\u00f3n ARSAT (sat\u00e9lites fabricados en Argentina). Este proyecto se presentar\u00e1 este mes a una ventanilla abierta del Ministerio de Ciencia, Tecnolog\u00eda e Innovaci\u00f3n de la Naci\u00f3n para ser evaluado y si todo sale bien, financiado.<\/p>\n<p><strong>-Mencion\u00f3 dos acciones realizadas respecto a recurso h\u00eddrico\u2026<\/strong><\/p>\n<p>-S\u00ed, tambi\u00e9n en sinton\u00eda con ese proyecto estamos armando otro con una visi\u00f3n de largo plazo que es la creaci\u00f3n de un Centro Interinstitucional de Agua, donde adem\u00e1s de las instituciones que mencion\u00e9 anteriormente participa fuertemente el Gobierno de San Juan.<\/p>\n<p><strong>\u2013 \u00bfVa a afianzar una mirada ecol\u00f3gica?<\/strong><\/p>\n<p>-Tambi\u00e9n desde el INTA y con m\u00e1s fuerza en los \u00faltimos a\u00f1os se est\u00e1 trabajando en la agroecolog\u00eda, que implica un uso m\u00e1s cuidadoso de los recursos naturales. Es decir, producir, pero con una mirada m\u00e1s conservadora del ambiente, los recursos naturales como el agua y el suelo son finitos y debemos cuidarlos no s\u00f3lo de no agotarlos, sino tambi\u00e9n de no contaminarlos. Ya que, si seguimos al ritmo de explotaci\u00f3n de recursos que traemos, en no muchas d\u00e9cadas tendremos verdaderos problemas para producir nuestros alimentos.<\/p>\n<p><strong>\u2013 Usted es la primera mujer en ser directora de INTA San Juan<\/strong><\/p>\n<p>\u2013 Esto es algo muy significativo, podemos decir que es un hecho hist\u00f3rico y que refleja el dinamismo institucional y el compromiso del INTA con los nuevos tiempos que se viven en todo el mundo. Es tambi\u00e9n un fuerte compromiso de g\u00e9nero y profesi\u00f3n, ya que es una oportunidad para trascender los estereotipos tanto de g\u00e9nero como de profesi\u00f3n asociados al sector agropecuario.<\/p>\n<p>Fuente: Revista U<\/p>\n<p>&nbsp;<\/p>\n","protected":false},"excerpt":{"rendered":"<p>El INTA San Juan tiene nueva Directora. En realidad, es la primera vez que ese instituto a nivel local tiene<\/p>\n","protected":false},"author":3,"featured_media":35688,"comment_status":"closed","ping_status":"closed","sticky":false,"template":"","format":"standard","meta":{"_acf_changed":false,"_seopress_robots_primary_cat":"none","_seopress_titles_title":"","_seopress_titles_desc":"","_seopress_robots_index":"","colormag_page_container_layout":"default_layout","colormag_page_sidebar_layout":"default_layout","footnotes":""},"categories":[1],"tags":[],"class_list":["post-35686","post","type-post","status-publish","format-standard","has-post-thumbnail","hentry","category-destacadas"],"acf":[],"_links":{"self":[{"href":"https:\/\/vocesparalelas.com.ar\/sitio\/wp-json\/wp\/v2\/posts\/35686","targetHints":{"allow":["GET"]}}],"collection":[{"href":"https:\/\/vocesparalelas.com.ar\/sitio\/wp-json\/wp\/v2\/posts"}],"about":[{"href":"https:\/\/vocesparalelas.com.ar\/sitio\/wp-json\/wp\/v2\/types\/post"}],"author":[{"embeddable":true,"href":"https:\/\/vocesparalelas.com.ar\/sitio\/wp-json\/wp\/v2\/users\/3"}],"replies":[{"embeddable":true,"href":"https:\/\/vocesparalelas.com.ar\/sitio\/wp-json\/wp\/v2\/comments?post=35686"}],"version-history":[{"count":1,"href":"https:\/\/vocesparalelas.com.ar\/sitio\/wp-json\/wp\/v2\/posts\/35686\/revisions"}],"predecessor-version":[{"id":35690,"href":"https:\/\/vocesparalelas.com.ar\/sitio\/wp-json\/wp\/v2\/posts\/35686\/revisions\/35690"}],"wp:featuredmedia":[{"embeddable":true,"href":"https:\/\/vocesparalelas.com.ar\/sitio\/wp-json\/wp\/v2\/media\/35688"}],"wp:attachment":[{"href":"https:\/\/vocesparalelas.com.ar\/sitio\/wp-json\/wp\/v2\/media?parent=35686"}],"wp:term":[{"taxonomy":"category","embeddable":true,"href":"https:\/\/vocesparalelas.com.ar\/sitio\/wp-json\/wp\/v2\/categories?post=35686"},{"taxonomy":"post_tag","embeddable":true,"href":"https:\/\/vocesparalelas.com.ar\/sitio\/wp-json\/wp\/v2\/tags?post=35686"}],"curies":[{"name":"wp","href":"https:\/\/api.w.org\/{rel}","templated":true}]}}