{"id":35679,"date":"2021-03-03T21:29:57","date_gmt":"2021-03-04T00:29:57","guid":{"rendered":"http:\/\/vocesparalelas.com.ar\/sitio\/?p=35679"},"modified":"2021-03-04T21:50:22","modified_gmt":"2021-03-05T00:50:22","slug":"resultados-definitivos-del-examen-de-ingreso-a-los-institutos-preuniversitarios-de-la-unsj","status":"publish","type":"post","link":"https:\/\/vocesparalelas.com.ar\/sitio\/resultados-definitivos-del-examen-de-ingreso-a-los-institutos-preuniversitarios-de-la-unsj\/","title":{"rendered":"Resultados definitivos del Examen de Ingreso a los Institutos Preuniversitarios de la UNSJ"},"content":{"rendered":"<p>La Secretar\u00eda Acad\u00e9mica de la UNSJ informa los resultados definitivos del Examen de Ingreso al Primer A\u00f1o de la Escuela Secundaria de los Institutos Preuniversitarios, Ciclo Lectivo 2021.<\/p>\n<p><a href=\"https:\/\/vocesparalelas.com.ar\/sitio\/wp-content\/uploads\/2021\/03\/UNSJ-INGRESANTES-2021.pdf\">UNSJ-INGRESANTES 2021<\/a><\/p>\n<p><a href=\"https:\/\/vocesparalelas.com.ar\/sitio\/wp-content\/uploads\/2021\/03\/UNSJ-SUPLENTES-2021.pdf\">UNSJ-SUPLENTES 2021<\/a><\/p>\n<p><a href=\"https:\/\/vocesparalelas.com.ar\/sitio\/wp-content\/uploads\/2021\/03\/UNSJ-NO-INGRESANTES-2021.pdf\">UNSJ-NO INGRESANTES 2021<\/a><\/p>\n<p><a href=\"https:\/\/vocesparalelas.com.ar\/sitio\/wp-content\/uploads\/2021\/03\/UNSJ-AUSENTES-2021.pdf\">UNSJ-AUSENTES 2021<\/a><\/p>\n<p><span style=\"color: #99cc00;\"><strong>Elecci\u00f3n del Instituto Preuniversitario para ingresantes<\/strong><\/span><\/p>\n<p>El Jueves, 4 de Marzo en la Escuela Industrial \u00abDomingo F. Sarmiento\u00bb (Mitres 555 este)<\/p>\n<p>La elecci\u00f3n se efect\u00faa por estricto orden de m\u00e9rito. Para un mejor ordenamiento de la elecci\u00f3n y a fin de mantener el distanciamiento social y evitar aglomeraciones, se establecen las siguientes franjas horarias:<\/p>\n<p>&#8211;\u00a0 del orden\u00a0 001 al 100\u00a0\u00a0\u00a0\u00a0 8:00 horas<\/p>\n<p>&#8211;\u00a0 del orden\u00a0 101 al 200 \u00a0\u00a0\u00a0 9:00 horas<\/p>\n<p>&#8211;\u00a0 del orden\u00a0 201 al 300\u00a0\u00a0\u00a0\u00a0 10:00\u00a0horas<\/p>\n<p>&#8211;\u00a0 del orden\u00a0 301 al 400\u00a0\u00a0\u00a0\u00a0 10:45\u00a0horas<\/p>\n<p>&#8211;\u00a0 del orden\u00a0 401 al 500\u00a0\u00a0\u00a0\u00a0 11:30\u00a0horas<\/p>\n<p>&#8211;\u00a0 del orden\u00a0 501 al 564\u00a0\u00a0\u00a0\u00a0 12:15 horas<\/p>\n<p><strong><span style=\"color: #99cc00;\">Inscripciones para el Primer\u00a0a\u00f1o de la Educaci\u00f3n Secundaria<\/span> \u00a0<\/strong><\/p>\n<p>En las fechas que indique el Instituto elegido, los ingresantes deben presentar:<\/p>\n<p>-Solicitud de Inscripci\u00f3n (seg\u00fan indicaciones de cada instituto preuniversitario).<\/p>\n<p>-Copia de la Partida de Nacimiento Actualizada<\/p>\n<p>-Certificado de 6\u00b0 Grado o Libreta de 6\u00b0 Grado de Educaci\u00f3n Primaria (original y fotocopia)<\/p>\n<p>-Fotocopia del DNI (anverso y reverso)<\/p>\n<p>-2 fotos tipo carnet actual (color)<\/p>\n<p>&#8211; Una carpeta:<\/p>\n<ul>\n<li>de cartulina amarilla con orejas y broches \u201cNepaco\u201d (Escuela Industrial).<\/li>\n<li>espiral color verde (Escuela de Comercio)<\/li>\n<li>colgante para legajo con orejas y broches \u201cNepaco\u201d (Colegio Central Universitario)<\/li>\n<\/ul>\n<p>&#8211; Certificado de Salud expedido por la Direcci\u00f3n de Salud Universitaria.\u00a0(En breve se informar\u00e1 la modalidad de turnos para realizar esta cartilla)<\/p>\n<p>&nbsp;<\/p>\n<p><img loading=\"lazy\" decoding=\"async\" class=\"alignnone wp-image-23747 size-large\" src=\"https:\/\/vocesparalelas.com.ar\/sitio\/wp-content\/uploads\/2019\/09\/UNSJ-LOGO-20-800x600.jpg\" alt=\"\" width=\"800\" height=\"600\" srcset=\"https:\/\/vocesparalelas.com.ar\/sitio\/wp-content\/uploads\/2019\/09\/UNSJ-LOGO-20-800x600.jpg 800w, https:\/\/vocesparalelas.com.ar\/sitio\/wp-content\/uploads\/2019\/09\/UNSJ-LOGO-20-300x225.jpg 300w, https:\/\/vocesparalelas.com.ar\/sitio\/wp-content\/uploads\/2019\/09\/UNSJ-LOGO-20-768x576.jpg 768w, https:\/\/vocesparalelas.com.ar\/sitio\/wp-content\/uploads\/2019\/09\/UNSJ-LOGO-20.jpg 1000w\" sizes=\"auto, (max-width: 800px) 100vw, 800px\" \/><\/p>\n","protected":false},"excerpt":{"rendered":"<p>La Secretar\u00eda Acad\u00e9mica de la UNSJ informa los resultados definitivos del Examen de Ingreso al Primer A\u00f1o de la Escuela<\/p>\n","protected":false},"author":3,"featured_media":14441,"comment_status":"closed","ping_status":"closed","sticky":false,"template":"","format":"standard","meta":{"_acf_changed":false,"_seopress_robots_primary_cat":"none","_seopress_titles_title":"","_seopress_titles_desc":"","_seopress_robots_index":"","colormag_page_container_layout":"default_layout","colormag_page_sidebar_layout":"default_layout","footnotes":""},"categories":[5],"tags":[],"class_list":["post-35679","post","type-post","status-publish","format-standard","has-post-thumbnail","hentry","category-ofrecimientos"],"acf":[],"_links":{"self":[{"href":"https:\/\/vocesparalelas.com.ar\/sitio\/wp-json\/wp\/v2\/posts\/35679","targetHints":{"allow":["GET"]}}],"collection":[{"href":"https:\/\/vocesparalelas.com.ar\/sitio\/wp-json\/wp\/v2\/posts"}],"about":[{"href":"https:\/\/vocesparalelas.com.ar\/sitio\/wp-json\/wp\/v2\/types\/post"}],"author":[{"embeddable":true,"href":"https:\/\/vocesparalelas.com.ar\/sitio\/wp-json\/wp\/v2\/users\/3"}],"replies":[{"embeddable":true,"href":"https:\/\/vocesparalelas.com.ar\/sitio\/wp-json\/wp\/v2\/comments?post=35679"}],"version-history":[{"count":1,"href":"https:\/\/vocesparalelas.com.ar\/sitio\/wp-json\/wp\/v2\/posts\/35679\/revisions"}],"predecessor-version":[{"id":35685,"href":"https:\/\/vocesparalelas.com.ar\/sitio\/wp-json\/wp\/v2\/posts\/35679\/revisions\/35685"}],"wp:featuredmedia":[{"embeddable":true,"href":"https:\/\/vocesparalelas.com.ar\/sitio\/wp-json\/wp\/v2\/media\/14441"}],"wp:attachment":[{"href":"https:\/\/vocesparalelas.com.ar\/sitio\/wp-json\/wp\/v2\/media?parent=35679"}],"wp:term":[{"taxonomy":"category","embeddable":true,"href":"https:\/\/vocesparalelas.com.ar\/sitio\/wp-json\/wp\/v2\/categories?post=35679"},{"taxonomy":"post_tag","embeddable":true,"href":"https:\/\/vocesparalelas.com.ar\/sitio\/wp-json\/wp\/v2\/tags?post=35679"}],"curies":[{"name":"wp","href":"https:\/\/api.w.org\/{rel}","templated":true}]}}