{"id":35671,"date":"2021-03-03T20:50:55","date_gmt":"2021-03-03T23:50:55","guid":{"rendered":"http:\/\/vocesparalelas.com.ar\/sitio\/?p=35671"},"modified":"2021-03-04T21:45:12","modified_gmt":"2021-03-05T00:45:12","slug":"curso-de-cocina-saludable","status":"publish","type":"post","link":"https:\/\/vocesparalelas.com.ar\/sitio\/curso-de-cocina-saludable\/","title":{"rendered":"Curso de Cocina Saludable"},"content":{"rendered":"<p>El S\u00e1bado, 6 y el Mi\u00e9rcoles, 10 de Marzo, se desarrolla el Curso de Cocina Saludable, te\u00f3rico pr\u00e1ctico, a cargo de Susana Matellan. Presencial con cupos limitados, con\u00a0Protocol COVID &#8211; 19.<\/p>\n<p>En este curso te explico los principios de la alimentaci\u00f3n cu\u00e1ntica, es decir una alimentaci\u00f3n que prioriza la energ\u00eda fot\u00f3nica &#8211; luz &#8211; que nos portan los alimentos.<\/p>\n<p>Te explicar\u00e9 c\u00f3mo hacer la transici\u00f3n de la alimentaci\u00f3n tradicional, hacia una forma en la que tu cuerpo emocional y f\u00edsico restablezcan el equilibrio arm\u00f3nico. Te aseguro que ganar\u00e1s en bienestar f\u00edsico y emocional.<\/p>\n<p>Te brindar\u00e9 recetas f\u00e1ciles de hacer, como punto de partida para desatar tu creatividad en la cocina.<\/p>\n<p>Ingredientes simples de la Tierra, de f\u00e1cil acceso, cada d\u00eda m\u00e1s populares como por ejemplo: la quinoa, el arroz yamani y m\u00faltiples formas de preparar vegetales crudos, fermentados o vivos, brotes.<\/p>\n<p>Para poder transmitir \u00e9sto, lo organic\u00e9 en diversos m\u00f3dulos, variando el tipo de preparaci\u00f3n en cada uno.<\/p>\n<p><strong><span style=\"color: #99cc00;\">Incluyo siempre en cada m\u00f3dulo<\/span><\/strong><\/p>\n<ul>\n<li>Desayuno\/merienda<\/li>\n<li>Almuerzo\/cena<\/li>\n<li>Colaci\u00f3n\/snack.<\/li>\n<\/ul>\n<p>Podr\u00e1s degustar cada plato o preparaci\u00f3n y preguntar todas las dudas.<\/p>\n<p>Puedes traer un cuaderno para comenzar tu transformaci\u00f3n e incluir all\u00ed notas y recetas.<\/p>\n<p>Te llevar\u00e1s varias recetas impresas para que leas y practiques en tu casa.<\/p>\n<p>No utilizo ning\u00fan tipo de carne, solo alg\u00fan huevo.<\/p>\n<p>El resto todo del reino vegetal, aunque te mostrar\u00e9 sustitutos para la transici\u00f3n alimentaria en casa.<\/p>\n<p>Te ense\u00f1o c\u00f3mo cocino en casa todos los d\u00edas y variables del momento.<\/p>\n<p>Es importante que te desestructures y manifiestes tu \u00e1rea creativa.<\/p>\n<p>Vas a disfrutar del proceso de cocinar con intenci\u00f3n amorosa y podr\u00e1s comprobar c\u00f3mo el amor viaja en el alimento y llega a sus destinatarios, transformando nuestra vida y la de otros.<\/p>\n<p>Tendr\u00e9 algunos de los ingredientes a la venta de los utilizados en las recetas, para que los lleves y puedas experimentar con tu familia.<\/p>\n<p>Si te interesa me comentas.<\/p>\n<p>Seguir\u00e9 con nuevas fechas!<\/p>\n<p>Tambi\u00e9n dar\u00e9 pronto charlas gratuitas que podr\u00e1n interesarte y un curso en l\u00ednea.<\/p>\n<p><strong><span style=\"color: #99cc00;\">Programa<\/span><\/strong><\/p>\n<ul>\n<li>M\u00f3dulo 1: Desayuno, colaci\u00f3n y almuerzo, el S\u00e1bado, 6 de Marzo, a las 9:40 a las 12:30 hs.<\/li>\n<li>M\u00f3dulo 2: merienda, colaci\u00f3n y cena, el Mi\u00e9rcoles, 10 de Marzo, a las 17\u00a0<span style=\"line-height: 1.5;\">a 20.30 hs.<\/span><\/li>\n<\/ul>\n<p><strong><span style=\"color: #99cc00;\">Informes e inscripci\u00f3n<\/span><\/strong><\/p>\n<p>+54 9 264 4059895<\/p>\n<p>@susanamatellan<\/p>\n<p>#alimentacionvivayvibrante<\/p>\n<p><img loading=\"lazy\" decoding=\"async\" class=\"alignnone wp-image-35673 size-large\" src=\"https:\/\/vocesparalelas.com.ar\/sitio\/wp-content\/uploads\/2021\/03\/CURSO-COSINA-565x800.jpg\" alt=\"\" width=\"565\" height=\"800\" srcset=\"https:\/\/vocesparalelas.com.ar\/sitio\/wp-content\/uploads\/2021\/03\/CURSO-COSINA-565x800.jpg 565w, https:\/\/vocesparalelas.com.ar\/sitio\/wp-content\/uploads\/2021\/03\/CURSO-COSINA-212x300.jpg 212w, https:\/\/vocesparalelas.com.ar\/sitio\/wp-content\/uploads\/2021\/03\/CURSO-COSINA.jpg 723w\" sizes=\"auto, (max-width: 565px) 100vw, 565px\" \/><\/p>\n","protected":false},"excerpt":{"rendered":"<p>El S\u00e1bado, 6 y el Mi\u00e9rcoles, 10 de Marzo, se desarrolla el Curso de Cocina Saludable, te\u00f3rico pr\u00e1ctico, a cargo<\/p>\n","protected":false},"author":3,"featured_media":35677,"comment_status":"closed","ping_status":"closed","sticky":false,"template":"","format":"standard","meta":{"_acf_changed":false,"_seopress_robots_primary_cat":"none","_seopress_titles_title":"","_seopress_titles_desc":"","_seopress_robots_index":"","colormag_page_container_layout":"default_layout","colormag_page_sidebar_layout":"default_layout","footnotes":""},"categories":[9],"tags":[],"class_list":["post-35671","post","type-post","status-publish","format-standard","has-post-thumbnail","hentry","category-cursos"],"acf":[],"_links":{"self":[{"href":"https:\/\/vocesparalelas.com.ar\/sitio\/wp-json\/wp\/v2\/posts\/35671","targetHints":{"allow":["GET"]}}],"collection":[{"href":"https:\/\/vocesparalelas.com.ar\/sitio\/wp-json\/wp\/v2\/posts"}],"about":[{"href":"https:\/\/vocesparalelas.com.ar\/sitio\/wp-json\/wp\/v2\/types\/post"}],"author":[{"embeddable":true,"href":"https:\/\/vocesparalelas.com.ar\/sitio\/wp-json\/wp\/v2\/users\/3"}],"replies":[{"embeddable":true,"href":"https:\/\/vocesparalelas.com.ar\/sitio\/wp-json\/wp\/v2\/comments?post=35671"}],"version-history":[{"count":3,"href":"https:\/\/vocesparalelas.com.ar\/sitio\/wp-json\/wp\/v2\/posts\/35671\/revisions"}],"predecessor-version":[{"id":35678,"href":"https:\/\/vocesparalelas.com.ar\/sitio\/wp-json\/wp\/v2\/posts\/35671\/revisions\/35678"}],"wp:featuredmedia":[{"embeddable":true,"href":"https:\/\/vocesparalelas.com.ar\/sitio\/wp-json\/wp\/v2\/media\/35677"}],"wp:attachment":[{"href":"https:\/\/vocesparalelas.com.ar\/sitio\/wp-json\/wp\/v2\/media?parent=35671"}],"wp:term":[{"taxonomy":"category","embeddable":true,"href":"https:\/\/vocesparalelas.com.ar\/sitio\/wp-json\/wp\/v2\/categories?post=35671"},{"taxonomy":"post_tag","embeddable":true,"href":"https:\/\/vocesparalelas.com.ar\/sitio\/wp-json\/wp\/v2\/tags?post=35671"}],"curies":[{"name":"wp","href":"https:\/\/api.w.org\/{rel}","templated":true}]}}