{"id":35656,"date":"2021-03-02T22:50:10","date_gmt":"2021-03-03T01:50:10","guid":{"rendered":"http:\/\/vocesparalelas.com.ar\/sitio\/?p=35656"},"modified":"2021-03-05T22:41:38","modified_gmt":"2021-03-06T01:41:38","slug":"comienza-la-vacunacion-de-docentes-de-nivel-inicial-educacion-especial-jardines-maternales-y-directivos","status":"publish","type":"post","link":"https:\/\/vocesparalelas.com.ar\/sitio\/comienza-la-vacunacion-de-docentes-de-nivel-inicial-educacion-especial-jardines-maternales-y-directivos\/","title":{"rendered":"Comienza la vacunacion de docentes de Nivel Inicial, Educaci\u00f3n Especial, Jardines Maternales y Directivos"},"content":{"rendered":"<p>El Ministerio de Salud P\u00fablica del Gobierno de San Juan, a trav\u00e9s del Programa Provincial de Inmunizaciones, informa que a partir del Mi\u00e9rcoles, 3 de Marzo, desde las 14:30 hasta las 20:00 hs.; con recepci\u00f3n hasta las 19:30 hs, pueden acceder a la inmunizaci\u00f3n contra el COVID-19 los docentes de los siguientes grupos:<\/p>\n<ul>\n<li>Nivel Inicial<\/li>\n<li>Educaci\u00f3n Especial<\/li>\n<li>Jardines maternales<\/li>\n<li>Directivos de todos los niveles que ya est\u00e9n inscriptos en el Padr\u00f3n del Ministerio de Educaci\u00f3n.<\/li>\n<\/ul>\n<p>Deben acceder a la vacunaci\u00f3n teniendo en cuenta la terminaci\u00f3n de DNI:<\/p>\n<ul>\n<li>Lunes, Mi\u00e9rcoles y Viernes, se vacunan las personas cuyo DNI termine del 0 al 5.<\/li>\n<li>Martes y Jueves, a las personas cuyo DNI termine del 6 al 9.<\/li>\n<\/ul>\n<p>Los docentes deben presentarse en el departamento donde tienen su cargo para recibir la vacuna.<\/p>\n<p><span style=\"color: #ff6600;\"><strong>Requisitos obligatorios<\/strong><\/span><\/p>\n<ul>\n<li>Record\u00e1 que es necesario presentar DNI<\/li>\n<li>No presentar ning\u00fan tipo de s\u00edntomas de COVID-19<\/li>\n<\/ul>\n<p><span style=\"color: #ff6600;\"><strong>Lugares previstos por departamento para la vacunaci\u00f3n<\/strong><\/span><\/p>\n<ul>\n<li><strong>Departamento Albard\u00f3n<\/strong>: CIC La Laja<\/li>\n<li><strong>Departamento Angaco<\/strong>: Uni\u00f3n Vecinal Villa El Salvador<\/li>\n<li><strong>Departamento Calingasta<\/strong>: Uni\u00f3n Vecinal Villa Calingasta \u2013 Barreal: Polideportivo Barreal<\/li>\n<li><strong>Departamentos Capital, Rivadavia, Chimbas y Santa Luc\u00eda<\/strong>: Estadio Aldo Cantoni<\/li>\n<li><strong>Departamento Caucete<\/strong>: Sal\u00f3n San Isidro<\/li>\n<li><strong>Departamento Iglesia<\/strong>: Polideportivo Municipal de Rodeo<\/li>\n<li><strong>Departamento J\u00e1chal<\/strong>: Teatro del Bicentenario<\/li>\n<li><strong>Departamento 9 de Julio<\/strong>: Centro de Jubilados<\/li>\n<li><strong>Departamento Rawson y Pocito<\/strong>: Teatro Oscar K\u00fcmmel<\/li>\n<li><strong>Departamento San Mart\u00edn<\/strong>: Estadio Marta Orellana<\/li>\n<li><strong>Departamento Sarmiento<\/strong>: Centro Cultural<\/li>\n<li><strong>Departamento Ullum<\/strong>: CIC Ullum<\/li>\n<li><strong>Departamento Valle F\u00e9rtil<\/strong>: Sal\u00f3n Cultural<\/li>\n<li><strong>Departamento 25 de Mayo<\/strong>: Polideportivo 25 de Mayo<\/li>\n<li><strong>Departamento Zonda<\/strong>: Sal\u00f3n de Eventos del Centro de Jubilados<\/li>\n<\/ul>\n<p>&nbsp;<\/p>\n<p>&nbsp;<\/p>\n<p>&nbsp;<\/p>\n","protected":false},"excerpt":{"rendered":"<p>El Ministerio de Salud P\u00fablica del Gobierno de San Juan, a trav\u00e9s del Programa Provincial de Inmunizaciones, informa que a<\/p>\n","protected":false},"author":3,"featured_media":3895,"comment_status":"closed","ping_status":"closed","sticky":false,"template":"","format":"standard","meta":{"_acf_changed":false,"_seopress_robots_primary_cat":"none","_seopress_titles_title":"","_seopress_titles_desc":"","_seopress_robots_index":"","colormag_page_container_layout":"default_layout","colormag_page_sidebar_layout":"default_layout","footnotes":""},"categories":[1],"tags":[],"class_list":["post-35656","post","type-post","status-publish","format-standard","has-post-thumbnail","hentry","category-destacadas"],"acf":[],"_links":{"self":[{"href":"https:\/\/vocesparalelas.com.ar\/sitio\/wp-json\/wp\/v2\/posts\/35656","targetHints":{"allow":["GET"]}}],"collection":[{"href":"https:\/\/vocesparalelas.com.ar\/sitio\/wp-json\/wp\/v2\/posts"}],"about":[{"href":"https:\/\/vocesparalelas.com.ar\/sitio\/wp-json\/wp\/v2\/types\/post"}],"author":[{"embeddable":true,"href":"https:\/\/vocesparalelas.com.ar\/sitio\/wp-json\/wp\/v2\/users\/3"}],"replies":[{"embeddable":true,"href":"https:\/\/vocesparalelas.com.ar\/sitio\/wp-json\/wp\/v2\/comments?post=35656"}],"version-history":[{"count":1,"href":"https:\/\/vocesparalelas.com.ar\/sitio\/wp-json\/wp\/v2\/posts\/35656\/revisions"}],"predecessor-version":[{"id":35658,"href":"https:\/\/vocesparalelas.com.ar\/sitio\/wp-json\/wp\/v2\/posts\/35656\/revisions\/35658"}],"wp:featuredmedia":[{"embeddable":true,"href":"https:\/\/vocesparalelas.com.ar\/sitio\/wp-json\/wp\/v2\/media\/3895"}],"wp:attachment":[{"href":"https:\/\/vocesparalelas.com.ar\/sitio\/wp-json\/wp\/v2\/media?parent=35656"}],"wp:term":[{"taxonomy":"category","embeddable":true,"href":"https:\/\/vocesparalelas.com.ar\/sitio\/wp-json\/wp\/v2\/categories?post=35656"},{"taxonomy":"post_tag","embeddable":true,"href":"https:\/\/vocesparalelas.com.ar\/sitio\/wp-json\/wp\/v2\/tags?post=35656"}],"curies":[{"name":"wp","href":"https:\/\/api.w.org\/{rel}","templated":true}]}}