{"id":35645,"date":"2021-03-02T21:35:25","date_gmt":"2021-03-03T00:35:25","guid":{"rendered":"http:\/\/vocesparalelas.com.ar\/sitio\/?p=35645"},"modified":"2021-03-02T22:25:00","modified_gmt":"2021-03-03T01:25:00","slug":"la-lic-sila-mugnani-fue-nombrada-en-la-secretaria-de-mineria-del-ministerio-de-desarrollo-productivo-de-la-nacion","status":"publish","type":"post","link":"https:\/\/vocesparalelas.com.ar\/sitio\/la-lic-sila-mugnani-fue-nombrada-en-la-secretaria-de-mineria-del-ministerio-de-desarrollo-productivo-de-la-nacion\/","title":{"rendered":"La Lic. Sila Mugnani fue nombrada en la Secretar\u00eda de Miner\u00eda, del Ministerio de Desarrollo Productivo de la Naci\u00f3n"},"content":{"rendered":"<p>La ministro de Hacienda y Finanzas del Gobierno de San Juan, CPN Marisa L\u00f3pez, inform\u00f3 que la Lic. Sila Mugnani, quien hasta la fecha se desempe\u00f1ara como subdirectora de Control de Gesti\u00f3n de Direcci\u00f3n General de Rentas, pasa a cumplir funciones en la Secretar\u00eda de Miner\u00eda, dependiente del Ministerio de Desarrollo Productivo de la Naci\u00f3n.<\/p>\n<p>\u201cEs un gran orgullo que nuestras funcionarias accedan a cargos nacionales, la vamos a extra\u00f1ar por su labor en la DGR. No tengo m\u00e1s que agradecimiento por su trabajo en el equipo de Hacienda y le deseamos el mayor de los \u00e9xitos\u201d, expres\u00f3 la ministro al referirse a quien hasta hoy form\u00f3 parte de sus filas.<\/p>\n<p>Por su parte, la Lic. Mugnani manifest\u00f3 que \u00abuna de las funciones a su cargo ser\u00e1 trabajar para consolidar el Sistema Federal de Informaci\u00f3n Minera. Esta oportunidad me reta a enfrentar un gran desaf\u00edo, el formar parte de un equipo de prestigiosos profesionales dentro de la Secretar\u00eda de Miner\u00eda, como tambi\u00e9n el trabajar con las provincias y con organismos oficiales, tanto nacionales, provinciales y municipales\u201d.<\/p>\n<p>\u00abTambi\u00e9n agradezco al gobernador de San Juan, Dr. Sergio U\u00f1ac y a la ministro CPN Marisa L\u00f3pez, por la oportunidad de formar parte del equipo de funcionarios del Ministerio de Hacienda y particularmente al equipo de la DGR, con quienes me sent\u00ed muy a gusto en este tiempo compartido\u201d.<\/p>\n<p><span style=\"color: #339966;\"><strong>Algunos datos de la Lic. Mugnani<\/strong><\/span><\/p>\n<ul>\n<li>Licenciada en Econom\u00eda \u2013 Universidad Nacional de C\u00f3rdoba<\/li>\n<li>Hasta hoy Subdirectora de Control de Gesti\u00f3n de Direcci\u00f3n General de Rentas \u2013 Ministerio de Hacienda y Finanzas de San Juan.<\/li>\n<li>Docente Investigadora \u2013 Universidad Cat\u00f3lica de Cuyo<\/li>\n<li>Directora de la Sala de Situaci\u00f3n de Salud \u2013 Ministerio de Salud P\u00fablica de San Juan (2015-2019)<\/li>\n<li>Directora del Instituto de Investigaciones Econ\u00f3micas y Estad\u00edsticas de San Juan (1996-2003 y 2007-2015)<\/li>\n<\/ul>\n","protected":false},"excerpt":{"rendered":"<p>La ministro de Hacienda y Finanzas del Gobierno de San Juan, CPN Marisa L\u00f3pez, inform\u00f3 que la Lic. Sila Mugnani,<\/p>\n","protected":false},"author":3,"featured_media":35647,"comment_status":"closed","ping_status":"closed","sticky":false,"template":"","format":"standard","meta":{"_acf_changed":false,"_seopress_robots_primary_cat":"none","_seopress_titles_title":"","_seopress_titles_desc":"","_seopress_robots_index":"","colormag_page_container_layout":"default_layout","colormag_page_sidebar_layout":"default_layout","footnotes":""},"categories":[1],"tags":[],"class_list":["post-35645","post","type-post","status-publish","format-standard","has-post-thumbnail","hentry","category-destacadas"],"acf":[],"_links":{"self":[{"href":"https:\/\/vocesparalelas.com.ar\/sitio\/wp-json\/wp\/v2\/posts\/35645","targetHints":{"allow":["GET"]}}],"collection":[{"href":"https:\/\/vocesparalelas.com.ar\/sitio\/wp-json\/wp\/v2\/posts"}],"about":[{"href":"https:\/\/vocesparalelas.com.ar\/sitio\/wp-json\/wp\/v2\/types\/post"}],"author":[{"embeddable":true,"href":"https:\/\/vocesparalelas.com.ar\/sitio\/wp-json\/wp\/v2\/users\/3"}],"replies":[{"embeddable":true,"href":"https:\/\/vocesparalelas.com.ar\/sitio\/wp-json\/wp\/v2\/comments?post=35645"}],"version-history":[{"count":2,"href":"https:\/\/vocesparalelas.com.ar\/sitio\/wp-json\/wp\/v2\/posts\/35645\/revisions"}],"predecessor-version":[{"id":35655,"href":"https:\/\/vocesparalelas.com.ar\/sitio\/wp-json\/wp\/v2\/posts\/35645\/revisions\/35655"}],"wp:featuredmedia":[{"embeddable":true,"href":"https:\/\/vocesparalelas.com.ar\/sitio\/wp-json\/wp\/v2\/media\/35647"}],"wp:attachment":[{"href":"https:\/\/vocesparalelas.com.ar\/sitio\/wp-json\/wp\/v2\/media?parent=35645"}],"wp:term":[{"taxonomy":"category","embeddable":true,"href":"https:\/\/vocesparalelas.com.ar\/sitio\/wp-json\/wp\/v2\/categories?post=35645"},{"taxonomy":"post_tag","embeddable":true,"href":"https:\/\/vocesparalelas.com.ar\/sitio\/wp-json\/wp\/v2\/tags?post=35645"}],"curies":[{"name":"wp","href":"https:\/\/api.w.org\/{rel}","templated":true}]}}