{"id":35637,"date":"2021-03-02T20:52:53","date_gmt":"2021-03-02T23:52:53","guid":{"rendered":"http:\/\/vocesparalelas.com.ar\/sitio\/?p=35637"},"modified":"2021-03-02T20:52:53","modified_gmt":"2021-03-02T23:52:53","slug":"se-reanudan-las-actividades-escolares-en-san-juan","status":"publish","type":"post","link":"https:\/\/vocesparalelas.com.ar\/sitio\/se-reanudan-las-actividades-escolares-en-san-juan\/","title":{"rendered":"Se reanudan las actividades escolares en San Juan"},"content":{"rendered":"<p>Tras los informes del Servicio Meteorol\u00f3gico Nacional y de Protecci\u00f3n Civil que dan a conocer la paulatina normalizaci\u00f3n de la situaci\u00f3n clim\u00e1tica y por ende que ya no hay condiciones que puedan originar incidentes, el Ministerio de Educaci\u00f3n del Gobierno de San Juan informa que el Mi\u00e9rcoles, 3 de Marzo, se reanuda las actividades escolares en todos los niveles y modalidades de gesti\u00f3n estatal y privada.<\/p>\n<p>Cabe aclarar que por el momento los \u00fanicos edificios escolares que no tienen actividades son las escuelas Tierra del Fuego y Luis Vernet, en los que se encuentran alojadas familias del Departamento Pocito que fueron evacuadas a ra\u00edz de la tormenta.<\/p>\n","protected":false},"excerpt":{"rendered":"<p>Tras los informes del Servicio Meteorol\u00f3gico Nacional y de Protecci\u00f3n Civil que dan a conocer la paulatina normalizaci\u00f3n de la<\/p>\n","protected":false},"author":3,"featured_media":28629,"comment_status":"closed","ping_status":"closed","sticky":false,"template":"","format":"standard","meta":{"_acf_changed":false,"_seopress_robots_primary_cat":"none","_seopress_titles_title":"","_seopress_titles_desc":"","_seopress_robots_index":"","colormag_page_container_layout":"default_layout","colormag_page_sidebar_layout":"default_layout","footnotes":""},"categories":[1],"tags":[],"class_list":["post-35637","post","type-post","status-publish","format-standard","has-post-thumbnail","hentry","category-destacadas"],"acf":[],"_links":{"self":[{"href":"https:\/\/vocesparalelas.com.ar\/sitio\/wp-json\/wp\/v2\/posts\/35637","targetHints":{"allow":["GET"]}}],"collection":[{"href":"https:\/\/vocesparalelas.com.ar\/sitio\/wp-json\/wp\/v2\/posts"}],"about":[{"href":"https:\/\/vocesparalelas.com.ar\/sitio\/wp-json\/wp\/v2\/types\/post"}],"author":[{"embeddable":true,"href":"https:\/\/vocesparalelas.com.ar\/sitio\/wp-json\/wp\/v2\/users\/3"}],"replies":[{"embeddable":true,"href":"https:\/\/vocesparalelas.com.ar\/sitio\/wp-json\/wp\/v2\/comments?post=35637"}],"version-history":[{"count":1,"href":"https:\/\/vocesparalelas.com.ar\/sitio\/wp-json\/wp\/v2\/posts\/35637\/revisions"}],"predecessor-version":[{"id":35639,"href":"https:\/\/vocesparalelas.com.ar\/sitio\/wp-json\/wp\/v2\/posts\/35637\/revisions\/35639"}],"wp:featuredmedia":[{"embeddable":true,"href":"https:\/\/vocesparalelas.com.ar\/sitio\/wp-json\/wp\/v2\/media\/28629"}],"wp:attachment":[{"href":"https:\/\/vocesparalelas.com.ar\/sitio\/wp-json\/wp\/v2\/media?parent=35637"}],"wp:term":[{"taxonomy":"category","embeddable":true,"href":"https:\/\/vocesparalelas.com.ar\/sitio\/wp-json\/wp\/v2\/categories?post=35637"},{"taxonomy":"post_tag","embeddable":true,"href":"https:\/\/vocesparalelas.com.ar\/sitio\/wp-json\/wp\/v2\/tags?post=35637"}],"curies":[{"name":"wp","href":"https:\/\/api.w.org\/{rel}","templated":true}]}}