{"id":35617,"date":"2021-03-01T22:50:21","date_gmt":"2021-03-02T01:50:21","guid":{"rendered":"http:\/\/vocesparalelas.com.ar\/sitio\/?p=35617"},"modified":"2021-03-02T22:22:35","modified_gmt":"2021-03-03T01:22:35","slug":"los-turnos-de-vacunacion-para-mayores-de-80-anos-se-reprograman","status":"publish","type":"post","link":"https:\/\/vocesparalelas.com.ar\/sitio\/los-turnos-de-vacunacion-para-mayores-de-80-anos-se-reprograman\/","title":{"rendered":"Los turnos de vacunaci\u00f3n para mayores de 80 a\u00f1os se reprograman"},"content":{"rendered":"<p>El Ministerio de Salud P\u00fablica del Gobierno de San Juan informa que durante el trascurso de la jornada se van a reprogramar los turnos suspendidos por las intensas lluvias<\/p>\n<p>El Programa Provincial de Inmunizaciones, dependiente del Ministerio de Salud P\u00fablica, reprogramar\u00e1 los turnos para los mayores de 80 a\u00f1os que quedaron sin vacunarse, debido a la suspensi\u00f3n de la actividad en los centros operativos de vacunaci\u00f3n de los diferentes departamentos.<\/p>\n<p>Aquellas personas cuyos turnos hayan sido reprogramados, recibir\u00e1n un llamado telef\u00f3nico para coordinar con el familiar o el adulto mayor que se ha registrado previamente en la p\u00e1gina oficial, el d\u00eda, hora y lugar que le corresponder\u00e1 la vacunaci\u00f3n.<\/p>\n<p>&nbsp;<\/p>\n<p>&nbsp;<\/p>\n<p>&nbsp;<\/p>\n","protected":false},"excerpt":{"rendered":"<p>El Ministerio de Salud P\u00fablica del Gobierno de San Juan informa que durante el trascurso de la jornada se van<\/p>\n","protected":false},"author":3,"featured_media":35429,"comment_status":"closed","ping_status":"closed","sticky":false,"template":"","format":"standard","meta":{"_acf_changed":false,"_seopress_robots_primary_cat":"none","_seopress_titles_title":"","_seopress_titles_desc":"","_seopress_robots_index":"","colormag_page_container_layout":"default_layout","colormag_page_sidebar_layout":"default_layout","footnotes":""},"categories":[2],"tags":[],"class_list":["post-35617","post","type-post","status-publish","format-standard","has-post-thumbnail","hentry","category-convocatorias"],"acf":[],"_links":{"self":[{"href":"https:\/\/vocesparalelas.com.ar\/sitio\/wp-json\/wp\/v2\/posts\/35617","targetHints":{"allow":["GET"]}}],"collection":[{"href":"https:\/\/vocesparalelas.com.ar\/sitio\/wp-json\/wp\/v2\/posts"}],"about":[{"href":"https:\/\/vocesparalelas.com.ar\/sitio\/wp-json\/wp\/v2\/types\/post"}],"author":[{"embeddable":true,"href":"https:\/\/vocesparalelas.com.ar\/sitio\/wp-json\/wp\/v2\/users\/3"}],"replies":[{"embeddable":true,"href":"https:\/\/vocesparalelas.com.ar\/sitio\/wp-json\/wp\/v2\/comments?post=35617"}],"version-history":[{"count":1,"href":"https:\/\/vocesparalelas.com.ar\/sitio\/wp-json\/wp\/v2\/posts\/35617\/revisions"}],"predecessor-version":[{"id":35619,"href":"https:\/\/vocesparalelas.com.ar\/sitio\/wp-json\/wp\/v2\/posts\/35617\/revisions\/35619"}],"wp:featuredmedia":[{"embeddable":true,"href":"https:\/\/vocesparalelas.com.ar\/sitio\/wp-json\/wp\/v2\/media\/35429"}],"wp:attachment":[{"href":"https:\/\/vocesparalelas.com.ar\/sitio\/wp-json\/wp\/v2\/media?parent=35617"}],"wp:term":[{"taxonomy":"category","embeddable":true,"href":"https:\/\/vocesparalelas.com.ar\/sitio\/wp-json\/wp\/v2\/categories?post=35617"},{"taxonomy":"post_tag","embeddable":true,"href":"https:\/\/vocesparalelas.com.ar\/sitio\/wp-json\/wp\/v2\/tags?post=35617"}],"curies":[{"name":"wp","href":"https:\/\/api.w.org\/{rel}","templated":true}]}}