{"id":35613,"date":"2021-03-01T21:51:30","date_gmt":"2021-03-02T00:51:30","guid":{"rendered":"http:\/\/vocesparalelas.com.ar\/sitio\/?p=35613"},"modified":"2021-03-01T21:51:30","modified_gmt":"2021-03-02T00:51:30","slug":"se-suspenden-las-clases-en-san-juan-por-alerta-meteorologica","status":"publish","type":"post","link":"https:\/\/vocesparalelas.com.ar\/sitio\/se-suspenden-las-clases-en-san-juan-por-alerta-meteorologica\/","title":{"rendered":"Se suspenden las clases en San Juan por alerta meteorol\u00f3gica"},"content":{"rendered":"<p>Ante la alerta meteorol\u00f3gica emitida por el Servicio Meterol\u00f3gico Nacional que pronostica abundantes precipitaciones en la provincia de San Juan para la jornada del Martes y el Mi\u00e9rcoles y atento a las recomendaciones de Protecci\u00f3n Civil.<\/p>\n<p>El Ministerio de Educaci\u00f3n del Gobierno de San Juan resolvi\u00f3 suspender la actividad escolar el Martes, 2 de Marzo, en todos los establecimientos escolares de la provincia de gesti\u00f3n estatal y privada en forma preventiva.<\/p>\n<p>Advirtiendo que se sigue atentamente la evoluci\u00f3n de las condiciones clim\u00e1ticas, de haber alguna novedad se informar\u00e1 a la brevedad por este medio.<\/p>\n<p>&nbsp;<\/p>\n<p>&nbsp;<\/p>\n<p>&nbsp;<\/p>\n<p>&nbsp;<\/p>\n<p>&nbsp;<\/p>\n","protected":false},"excerpt":{"rendered":"<p>Ante la alerta meteorol\u00f3gica emitida por el Servicio Meterol\u00f3gico Nacional que pronostica abundantes precipitaciones en la provincia de San Juan<\/p>\n","protected":false},"author":3,"featured_media":28629,"comment_status":"closed","ping_status":"closed","sticky":false,"template":"","format":"standard","meta":{"_acf_changed":false,"_seopress_robots_primary_cat":"none","_seopress_titles_title":"","_seopress_titles_desc":"","_seopress_robots_index":"","colormag_page_container_layout":"default_layout","colormag_page_sidebar_layout":"default_layout","footnotes":""},"categories":[1],"tags":[],"class_list":["post-35613","post","type-post","status-publish","format-standard","has-post-thumbnail","hentry","category-destacadas"],"acf":[],"_links":{"self":[{"href":"https:\/\/vocesparalelas.com.ar\/sitio\/wp-json\/wp\/v2\/posts\/35613","targetHints":{"allow":["GET"]}}],"collection":[{"href":"https:\/\/vocesparalelas.com.ar\/sitio\/wp-json\/wp\/v2\/posts"}],"about":[{"href":"https:\/\/vocesparalelas.com.ar\/sitio\/wp-json\/wp\/v2\/types\/post"}],"author":[{"embeddable":true,"href":"https:\/\/vocesparalelas.com.ar\/sitio\/wp-json\/wp\/v2\/users\/3"}],"replies":[{"embeddable":true,"href":"https:\/\/vocesparalelas.com.ar\/sitio\/wp-json\/wp\/v2\/comments?post=35613"}],"version-history":[{"count":1,"href":"https:\/\/vocesparalelas.com.ar\/sitio\/wp-json\/wp\/v2\/posts\/35613\/revisions"}],"predecessor-version":[{"id":35615,"href":"https:\/\/vocesparalelas.com.ar\/sitio\/wp-json\/wp\/v2\/posts\/35613\/revisions\/35615"}],"wp:featuredmedia":[{"embeddable":true,"href":"https:\/\/vocesparalelas.com.ar\/sitio\/wp-json\/wp\/v2\/media\/28629"}],"wp:attachment":[{"href":"https:\/\/vocesparalelas.com.ar\/sitio\/wp-json\/wp\/v2\/media?parent=35613"}],"wp:term":[{"taxonomy":"category","embeddable":true,"href":"https:\/\/vocesparalelas.com.ar\/sitio\/wp-json\/wp\/v2\/categories?post=35613"},{"taxonomy":"post_tag","embeddable":true,"href":"https:\/\/vocesparalelas.com.ar\/sitio\/wp-json\/wp\/v2\/tags?post=35613"}],"curies":[{"name":"wp","href":"https:\/\/api.w.org\/{rel}","templated":true}]}}