{"id":35609,"date":"2021-03-01T21:38:28","date_gmt":"2021-03-02T00:38:28","guid":{"rendered":"http:\/\/vocesparalelas.com.ar\/sitio\/?p=35609"},"modified":"2021-03-01T21:38:28","modified_gmt":"2021-03-02T00:38:28","slug":"se-reunio-el-comite-de-emergencia-para-planificar-acciones-en-san-juan","status":"publish","type":"post","link":"https:\/\/vocesparalelas.com.ar\/sitio\/se-reunio-el-comite-de-emergencia-para-planificar-acciones-en-san-juan\/","title":{"rendered":"Se reuni\u00f3 el Comit\u00e9 de Emergencia para planificar acciones en San Juan"},"content":{"rendered":"<div class=\"itemImageBlock\"><span style=\"line-height: 1.5;\">El gobernador de San Juan, Dr. Sergio U\u00f1ac, se reuni\u00f3 \u00a0con los integrantes del Comit\u00e9 de Emergencia con el objetivo de <\/span><span style=\"line-height: 1.5;\">analizar las inclemencias clim\u00e1ticas que afectan a la provincia y planificar las acciones a seguir ante la continuidad de intensas lluvias pronosticadas<\/span><span style=\"line-height: 1.5;\"> para los d\u00edas Martes y Mi\u00e9rcoles.<\/span><\/div>\n<div class=\"itemFullText\">\n<p>Del encuentro participaron los ministros de Desarrollo Humano y Promoci\u00f3n Social, Prof. Fabian Aballay; de Obras y Servicios P\u00fablicos, Ing. Julio Ortiz Andino y de Salud, Dra. Alejandra Venerando; el secretario de Estado Seguridad, Dr. Carlos Munisaga; el secretario de Servicios P\u00fablicos, Adolfo V\u00e1zquez, en comunicaci\u00f3n v\u00eda telef\u00f3nica con los intendentes de los 19 departamentos, quienes se encuentran trabajando en terreno.<\/p>\n<p>Una vez finalizada la reuni\u00f3n, el Gobernador, DR. Sergio U\u00f1ac manifest\u00f3 que \u00abnos encontramos con el Comit\u00e9 de Emergencia de la Provincia para analizar la situaci\u00f3n clim\u00e1tica que vivimos, lo que anticipa el pron\u00f3stico del tiempo y sus consecuencias para las familias sanjuaninas\u201d.<\/p>\n<p>En ese sentido, el mandatario asegur\u00f3 que \u201cse ha articulado el trabajo con cada uno de los 19 intendentes para dar respuesta a quienes lo necesitan, as\u00ed como la disposici\u00f3n desde esta misma tarde noche de lugares destinados a eventuales evacuaciones en cada uno de los departamentos\u201d.<\/p>\n<p>El gobernador destac\u00f3 el trabajo conjunto llevado a cabo y remarc\u00f3 la importancia de la la colaboraci\u00f3n ciudadana \u201cpara mitigar el impacto de las tormentas. Ante cualquier emergencia, les pido que se comuniquen, durante las 24 horas, con las siguientes l\u00edneas de tel\u00e9fono: 911, 4204535 y 4210094\u201d.<\/p>\n<p>El ministro de Desarrollo Humano, Prof. Fabian Aballay, asever\u00f3 que durante el encuentro \u201cse evalu\u00f3 el panorama tras las fuertes lluvias y se analiz\u00f3 el pron\u00f3stico extendido que anuncia la posibilidad de que las tormentas contin\u00faen durante la noche del lunes y tambi\u00e9n el martes\u201d.<\/p>\n<p>El titular de la cartera social a\u00f1adi\u00f3 que \u00ablos intendentes de todos los departamentos fueron puestos en conocimiento de la situaci\u00f3n: Avanzamos en aspectos que tienen que ver con posibles evacuaciones en algunos departamentos, fundamentalmente en sectores muy vulnerables, donde hay una gran cantidad de viviendas precarias\u201d.<\/p>\n<p>Aballay detall\u00f3 que los departamentos m\u00e1s afectados hasta el momento han sido Pocito, Sarmiento, J\u00e1chal, Albard\u00f3n, Ullum, Zonda y Chimbas e inform\u00f3 que en Pocito ya se habilit\u00f3 el Polideportivo Marcelo Garc\u00eda como centro de evacuados, que tiene capacidad para 80 camas, como as\u00ed tambi\u00e9n se est\u00e1n instalando carpas para la evacuaci\u00f3n de vecinos de La Rinconada y se ha habilitado adem\u00e1s la cancha de hockey del Club Aberastain para el mismo fin. Obviamente, los intendentes en cada uno de los departamentos est\u00e1n listos para habilitar alg\u00fan club o instituci\u00f3n para albergar a los posibles evacuados\u201d.<\/p>\n<p>Por su parte, el secretario de Seguridad, Dr. Carlos Munisaga, se\u00f1al\u00f3 que \u201cante la alerta meteorol\u00f3gica de abundantes precipitaciones para la jornada de martes y el mi\u00e9rcoles, el gobernador se reuni\u00f3 con el Comit\u00e9 de Emergencia y con todos los intendentes para alertar a la poblaci\u00f3n de esta situaci\u00f3n y prever acciones para asistir a los eventuales damnificados\u201d.<\/p>\n<p>El titular de la cartera de Seguridad agreg\u00f3 que \u201cse insta a la poblaci\u00f3n a tomar todas las precauciones correspondientes y seguir la informaci\u00f3n oficial sobre c\u00f3mo actuar en cada momento, la cual ser\u00e1 actualizada en forma permanente para evitar mayores da\u00f1os e inconvenientes\u201d.<\/p>\n<\/div>\n<p>&nbsp;<\/p>\n<p>&nbsp;<\/p>\n","protected":false},"excerpt":{"rendered":"<p>El gobernador de San Juan, Dr. Sergio U\u00f1ac, se reuni\u00f3 \u00a0con los integrantes del Comit\u00e9 de Emergencia con el objetivo<\/p>\n","protected":false},"author":3,"featured_media":35611,"comment_status":"closed","ping_status":"closed","sticky":false,"template":"","format":"standard","meta":{"_acf_changed":false,"_seopress_robots_primary_cat":"none","_seopress_titles_title":"","_seopress_titles_desc":"","_seopress_robots_index":"","colormag_page_container_layout":"default_layout","colormag_page_sidebar_layout":"default_layout","footnotes":""},"categories":[1],"tags":[],"class_list":["post-35609","post","type-post","status-publish","format-standard","has-post-thumbnail","hentry","category-destacadas"],"acf":[],"_links":{"self":[{"href":"https:\/\/vocesparalelas.com.ar\/sitio\/wp-json\/wp\/v2\/posts\/35609","targetHints":{"allow":["GET"]}}],"collection":[{"href":"https:\/\/vocesparalelas.com.ar\/sitio\/wp-json\/wp\/v2\/posts"}],"about":[{"href":"https:\/\/vocesparalelas.com.ar\/sitio\/wp-json\/wp\/v2\/types\/post"}],"author":[{"embeddable":true,"href":"https:\/\/vocesparalelas.com.ar\/sitio\/wp-json\/wp\/v2\/users\/3"}],"replies":[{"embeddable":true,"href":"https:\/\/vocesparalelas.com.ar\/sitio\/wp-json\/wp\/v2\/comments?post=35609"}],"version-history":[{"count":1,"href":"https:\/\/vocesparalelas.com.ar\/sitio\/wp-json\/wp\/v2\/posts\/35609\/revisions"}],"predecessor-version":[{"id":35612,"href":"https:\/\/vocesparalelas.com.ar\/sitio\/wp-json\/wp\/v2\/posts\/35609\/revisions\/35612"}],"wp:featuredmedia":[{"embeddable":true,"href":"https:\/\/vocesparalelas.com.ar\/sitio\/wp-json\/wp\/v2\/media\/35611"}],"wp:attachment":[{"href":"https:\/\/vocesparalelas.com.ar\/sitio\/wp-json\/wp\/v2\/media?parent=35609"}],"wp:term":[{"taxonomy":"category","embeddable":true,"href":"https:\/\/vocesparalelas.com.ar\/sitio\/wp-json\/wp\/v2\/categories?post=35609"},{"taxonomy":"post_tag","embeddable":true,"href":"https:\/\/vocesparalelas.com.ar\/sitio\/wp-json\/wp\/v2\/tags?post=35609"}],"curies":[{"name":"wp","href":"https:\/\/api.w.org\/{rel}","templated":true}]}}