{"id":35605,"date":"2021-03-01T20:55:48","date_gmt":"2021-03-01T23:55:48","guid":{"rendered":"http:\/\/vocesparalelas.com.ar\/sitio\/?p=35605"},"modified":"2021-03-02T00:04:31","modified_gmt":"2021-03-02T03:04:31","slug":"llegaron-los-modulos-fotovoltaicos-para-el-hospital-de-albardon","status":"publish","type":"post","link":"https:\/\/vocesparalelas.com.ar\/sitio\/llegaron-los-modulos-fotovoltaicos-para-el-hospital-de-albardon\/","title":{"rendered":"Llegaron los m\u00f3dulos fotovoltaicos para el Hospital de Albard\u00f3n"},"content":{"rendered":"<p>De a poco, se va transformando en realidad la segunda etapa del proyecto \u201cSistemas de Refrigeraci\u00f3n Eficientes, Monitoreados y Saludables\u201d que se va a instalar en el Hospital Jos\u00e9 Giordano de Albard\u00f3n. Esta iniciativa generar\u00e1 un ahorro importante de energ\u00eda a trav\u00e9s de la implementaci\u00f3n de procedimientos renovables y alternativos en lugares urbanos.<\/p>\n<p>En la ma\u00f1ana del lunes 1 de marzo llegaron al nosocomio varios kits completos de molduras, para ser instaladas en el techo del hospital y facilitar la extracci\u00f3n de la radiaci\u00f3n solar que ingresa por las carpinter\u00edas. El objetivo, en esta etapa, es alcanzar una reducci\u00f3n importante del consumo del aire acondicionado.<\/p>\n<p>\u201cSon elementos que componen una instalaci\u00f3n fotovoltaica de 10 kilovatios, de \u00faltima generaci\u00f3n, que entregar\u00e1n electricidad para uso del hospital en momentos de sol\u201d, dijo el arquitecto Fabi\u00e1n Garreta, de la empresa SurSolar, que lleg\u00f3 a la provincia acompa\u00f1ado de varios t\u00e9cnicos para dejar en funcionamiento el proyecto. \u201cEsta instalaci\u00f3n puede suplir un porcentaje del 10% al 15% de lo que el hospital consume en climatizaci\u00f3n\u201d, explic\u00f3.<\/p>\n<p>El profesional destac\u00f3 las bondades del sol sanjuanino para la instalaci\u00f3n de proyectos de este tipo. \u201cTodo lo que es la zona de Cuyo junto a la Puna, pero especialmente San Juan, ex excelente por la radiaci\u00f3n directa, una atm\u00f3sfera muy limpia y mucha altura. El tener muchos d\u00edas de sol y un clima seco indican condiciones ideales, que no son habituales en muchos lugares del mundo\u201d, dijo Garreta.<\/p>\n<p>La carga de refrigeraci\u00f3n que necesita el hospital es muy importante y elevada por el estilo arquitect\u00f3nico que tiene. Hay muchas claraboyas y lugares vidriados que generan una alta concentraci\u00f3n de calor.<\/p>\n<p>La instalaci\u00f3n de los 32 paneles solares que llegaron demandar\u00e1 solo unos tres d\u00edas. Se estima que para el jueves ya se podr\u00e1 constatar el ahorro de energ\u00eda que generar\u00e1n estas molduras en funcionamiento.<\/p>\n<p>La directora del hospital, Dra. Sonia S\u00e1nchez y la referente para la Red Global de Hospitales Verdes y Saludables en San Juan, Lic. Ver\u00f3nica Clavel, estuvieron presentes en el momento del arribo del cami\u00f3n con los materiales.<\/p>\n<p>&nbsp;<\/p>\n<p>&nbsp;<\/p>\n","protected":false},"excerpt":{"rendered":"<p>De a poco, se va transformando en realidad la segunda etapa del proyecto \u201cSistemas de Refrigeraci\u00f3n Eficientes, Monitoreados y Saludables\u201d<\/p>\n","protected":false},"author":3,"featured_media":35607,"comment_status":"closed","ping_status":"closed","sticky":false,"template":"","format":"standard","meta":{"_acf_changed":false,"_seopress_robots_primary_cat":"none","_seopress_titles_title":"","_seopress_titles_desc":"","_seopress_robots_index":"","colormag_page_container_layout":"default_layout","colormag_page_sidebar_layout":"default_layout","footnotes":""},"categories":[6],"tags":[],"class_list":["post-35605","post","type-post","status-publish","format-standard","has-post-thumbnail","hentry","category-eventos"],"acf":[],"_links":{"self":[{"href":"https:\/\/vocesparalelas.com.ar\/sitio\/wp-json\/wp\/v2\/posts\/35605","targetHints":{"allow":["GET"]}}],"collection":[{"href":"https:\/\/vocesparalelas.com.ar\/sitio\/wp-json\/wp\/v2\/posts"}],"about":[{"href":"https:\/\/vocesparalelas.com.ar\/sitio\/wp-json\/wp\/v2\/types\/post"}],"author":[{"embeddable":true,"href":"https:\/\/vocesparalelas.com.ar\/sitio\/wp-json\/wp\/v2\/users\/3"}],"replies":[{"embeddable":true,"href":"https:\/\/vocesparalelas.com.ar\/sitio\/wp-json\/wp\/v2\/comments?post=35605"}],"version-history":[{"count":1,"href":"https:\/\/vocesparalelas.com.ar\/sitio\/wp-json\/wp\/v2\/posts\/35605\/revisions"}],"predecessor-version":[{"id":35608,"href":"https:\/\/vocesparalelas.com.ar\/sitio\/wp-json\/wp\/v2\/posts\/35605\/revisions\/35608"}],"wp:featuredmedia":[{"embeddable":true,"href":"https:\/\/vocesparalelas.com.ar\/sitio\/wp-json\/wp\/v2\/media\/35607"}],"wp:attachment":[{"href":"https:\/\/vocesparalelas.com.ar\/sitio\/wp-json\/wp\/v2\/media?parent=35605"}],"wp:term":[{"taxonomy":"category","embeddable":true,"href":"https:\/\/vocesparalelas.com.ar\/sitio\/wp-json\/wp\/v2\/categories?post=35605"},{"taxonomy":"post_tag","embeddable":true,"href":"https:\/\/vocesparalelas.com.ar\/sitio\/wp-json\/wp\/v2\/tags?post=35605"}],"curies":[{"name":"wp","href":"https:\/\/api.w.org\/{rel}","templated":true}]}}