{"id":35589,"date":"2021-03-01T13:47:10","date_gmt":"2021-03-01T16:47:10","guid":{"rendered":"http:\/\/vocesparalelas.com.ar\/sitio\/?p=35589"},"modified":"2021-03-01T13:47:10","modified_gmt":"2021-03-01T16:47:10","slug":"algunos-departamentos-continuan-sin-actividad-escolar-durante-la-tarde-por-incidencia-de-la-lluvia","status":"publish","type":"post","link":"https:\/\/vocesparalelas.com.ar\/sitio\/algunos-departamentos-continuan-sin-actividad-escolar-durante-la-tarde-por-incidencia-de-la-lluvia\/","title":{"rendered":"Algunos departamentos contin\u00faan sin actividad escolar durante la tarde por incidencia de la lluvia"},"content":{"rendered":"<p>La suspensi\u00f3n se debe al anegamiento de caminos e interrupci\u00f3n del servicio de electricidad.<\/p>\n<p>El Ministerio de Educaci\u00f3n del Gobierno de San Juan informa que tras el relevamiento realizado para evaluar los da\u00f1os e incidencia de la tormenta de lluvia y granizo que afect\u00f3 a la provincia desde la madrugada del Lunes, 1 de Marzo.<\/p>\n<p>Resolvi\u00f3 extender para la tarde la suspensi\u00f3n de la actividad escolar ante el anegamiento e interrupci\u00f3n de caminos que imposibilitan el traslado a los edificios escolares, adem\u00e1s de ramas y cables ca\u00eddos que cortaron el suministro el\u00e9ctrico y esto ocasion\u00f3 adem\u00e1s la paralizaci\u00f3n de bombas de agua.<\/p>\n<p>Los departamentos afectados son Pocito, Rivadavia, Valle F\u00e9rtil y Sarmiento.<\/p>\n<p>Se recuerda que los alumnos y docentes que no pueden llegar por las lluvias tienen justificada la inasistencia.<\/p>\n<p>Los padres son los responsables de los estudiantes, ellos deben decidir si los envian o no, en el resto de los departamentos.<\/p>\n<p>Advirtiendo que se sigue atentamente la evoluci\u00f3n de las condiciones clim\u00e1ticas, de haber alguna novedad se informar\u00e1 a la brevedad por este medio.<\/p>\n<p>Se suma el departamento Jachal<\/p>\n<p>Escuelas de Educaci\u00f3n Especial donde no habr\u00e1 clases presenciales durante el turno tarde.<\/p>\n<p>Anexo de EE Bermejo, Departamento Caucete, por corte de ruta, crecientes<\/p>\n<p>EEE Abejitas Santa Rita, Departamento J\u00e1chal, por corte de luz y agua .Es en general en el departamento.Turno Tarde sin clases<\/p>\n<p>EEE Cura Brochero, Departamento Sarmiento , por corte de ruta, crecientes. Dificil acceso a la escuela.<\/p>\n<p>EEE M\u00faltiple de Ullum, Departamento Ullum, por cortes de luz.<\/p>\n","protected":false},"excerpt":{"rendered":"<p>La suspensi\u00f3n se debe al anegamiento de caminos e interrupci\u00f3n del servicio de electricidad. El Ministerio de Educaci\u00f3n del Gobierno<\/p>\n","protected":false},"author":3,"featured_media":28629,"comment_status":"closed","ping_status":"closed","sticky":false,"template":"","format":"standard","meta":{"_acf_changed":false,"_seopress_robots_primary_cat":"none","_seopress_titles_title":"","_seopress_titles_desc":"","_seopress_robots_index":"","colormag_page_container_layout":"default_layout","colormag_page_sidebar_layout":"default_layout","footnotes":""},"categories":[1],"tags":[],"class_list":["post-35589","post","type-post","status-publish","format-standard","has-post-thumbnail","hentry","category-destacadas"],"acf":[],"_links":{"self":[{"href":"https:\/\/vocesparalelas.com.ar\/sitio\/wp-json\/wp\/v2\/posts\/35589","targetHints":{"allow":["GET"]}}],"collection":[{"href":"https:\/\/vocesparalelas.com.ar\/sitio\/wp-json\/wp\/v2\/posts"}],"about":[{"href":"https:\/\/vocesparalelas.com.ar\/sitio\/wp-json\/wp\/v2\/types\/post"}],"author":[{"embeddable":true,"href":"https:\/\/vocesparalelas.com.ar\/sitio\/wp-json\/wp\/v2\/users\/3"}],"replies":[{"embeddable":true,"href":"https:\/\/vocesparalelas.com.ar\/sitio\/wp-json\/wp\/v2\/comments?post=35589"}],"version-history":[{"count":1,"href":"https:\/\/vocesparalelas.com.ar\/sitio\/wp-json\/wp\/v2\/posts\/35589\/revisions"}],"predecessor-version":[{"id":35591,"href":"https:\/\/vocesparalelas.com.ar\/sitio\/wp-json\/wp\/v2\/posts\/35589\/revisions\/35591"}],"wp:featuredmedia":[{"embeddable":true,"href":"https:\/\/vocesparalelas.com.ar\/sitio\/wp-json\/wp\/v2\/media\/28629"}],"wp:attachment":[{"href":"https:\/\/vocesparalelas.com.ar\/sitio\/wp-json\/wp\/v2\/media?parent=35589"}],"wp:term":[{"taxonomy":"category","embeddable":true,"href":"https:\/\/vocesparalelas.com.ar\/sitio\/wp-json\/wp\/v2\/categories?post=35589"},{"taxonomy":"post_tag","embeddable":true,"href":"https:\/\/vocesparalelas.com.ar\/sitio\/wp-json\/wp\/v2\/tags?post=35589"}],"curies":[{"name":"wp","href":"https:\/\/api.w.org\/{rel}","templated":true}]}}