{"id":35579,"date":"2021-02-28T21:04:42","date_gmt":"2021-03-01T00:04:42","guid":{"rendered":"http:\/\/vocesparalelas.com.ar\/sitio\/?p=35579"},"modified":"2021-02-28T21:04:42","modified_gmt":"2021-03-01T00:04:42","slug":"inicia-el-ciclo-lectivo-2021-en-san-juan","status":"publish","type":"post","link":"https:\/\/vocesparalelas.com.ar\/sitio\/inicia-el-ciclo-lectivo-2021-en-san-juan\/","title":{"rendered":"Inicia el Ciclo Lectivo 2021 en San Juan"},"content":{"rendered":"<p>El Lunes, 1 de Marzo, el gobernador de San Juan, Dr. Sergio U\u00f1ac y autoridades del Ministerio de Educaci\u00f3n presiden el acto de inicio del Ciclo Lectivo 2021 en San Juan en el nuevo edificio de la Escuela Arturo Beruti, Localidad de Pie de Palo, Departamento Caucete.<\/p>\n<p>La instituci\u00f3n desarrolla un intenso trabajo desde hace 86 a\u00f1os educando y formando integrantes de Caucete.<\/p>\n<p>La provincia de San Juan prioriz\u00f3 la apertura de las escuelas con clases presenciales de manera cuidada y siguiendo los protocolos sanitarios preventivos. Se valor\u00f3 la revinculaci\u00f3n y la escuela como el principal espacio de socializaci\u00f3n entre pares. Es el escenario de encuentro para aprender y construir saberes con nuevas formas de escolarizaci\u00f3n que combina: presencialidad y no presencialidad.<\/p>\n<p>La Escuela Arturo Beruti, se encuentra ubicada en la Localidad de Pie de Palo, departamento Caucete, lleva el nombre en homenaje al m\u00fasico sanjuanino Arturo Beruti, nacido en 1862 quien mostr\u00f3 cualidades excepcionales para la m\u00fasica. Estudi\u00f3 en el pa\u00eds y en Europa, en 1880 ya era considerado uno de los m\u00fasicos m\u00e1s destacados de la Argentina. Una de sus composiciones m\u00e1s conocidas es la \u00d3pera \u00abPampa\u00bb.<\/p>\n<p><span style=\"color: #99cc00;\"><strong>Rese\u00f1a de la creaci\u00f3n de la escuela<\/strong><\/span><\/p>\n<p><img loading=\"lazy\" decoding=\"async\" class=\"alignnone size-medium wp-image-35582 aligncenter\" src=\"https:\/\/vocesparalelas.com.ar\/sitio\/wp-content\/uploads\/2021\/02\/ESCUELA-ARTURO-BERUTTI-03-300x191.jpg\" alt=\"\" width=\"300\" height=\"191\" srcset=\"https:\/\/vocesparalelas.com.ar\/sitio\/wp-content\/uploads\/2021\/02\/ESCUELA-ARTURO-BERUTTI-03-300x191.jpg 300w, https:\/\/vocesparalelas.com.ar\/sitio\/wp-content\/uploads\/2021\/02\/ESCUELA-ARTURO-BERUTTI-03.jpg 500w\" sizes=\"auto, (max-width: 300px) 100vw, 300px\" \/><\/p>\n<p>El 2 de marzo de 1936 fue creada como Escuela Nacional N\u00b0 155 por la Directora Rebeca Ges de Ortiz. La matr\u00edcula fue de 87 estudiantes el personal era el director con grado a cargo y dos docentes.<\/p>\n<p>El terremoto del 23 noviembre de 1977, afect\u00f3 la estructura del edificio escolar y el dictado de clases se desarroll\u00f3 en un galp\u00f3n del ferrocarril Manuel Belgrano.<\/p>\n<p>El 6 de marzo de 1981 habilitaron el edificio que fue remodelado, con 5 aulas, direcci\u00f3n y sanitario.<\/p>\n<p>En 1978 se crea la orientaci\u00f3n Agropecuaria.<\/p>\n<p>En 1997 se implement\u00f3 la EGB3 de Ciclo B\u00e1sico Rural Aislada, con 60 estudiantes. En el a\u00f1o 1999 egres\u00f3 la primera promoci\u00f3n de EGB 3.<\/p>\n<p>En 2020 se crea el Secundario Completo ante el pedido de la comunidad, garantizando el cumplimiento de la educaci\u00f3n obligatoria.<\/p>\n<p>El Lunes, 1 de marzo de 2021 se inaugura el nuevo edificio que permite la escolarizar a estudiantes de :<\/p>\n<p><strong><span style=\"color: #99cc00;\">Nivel Primario<\/span><\/strong>, con 155 alumnos de 1\u00b0 a 6\u00b0 grado, bajo la Directora Prof. Ver\u00f3nica Ribes<\/p>\n<p><span style=\"color: #99cc00;\"><strong>En el Complejo Educativo tambi\u00e9n funciona<\/strong><\/span><\/p>\n<p><span style=\"color: #99cc00;\"><strong>Nivel Inicial<\/strong><\/span><\/p>\n<ul>\n<li><span style=\"color: #99cc00;\"><strong>JINZ N\u00b0 32<\/strong><\/span><\/li>\n<li><span style=\"color: #99cc00;\"><strong>Sala 5 a\u00f1os: <\/strong><\/span>25 alumnos<\/li>\n<li><span style=\"color: #99cc00;\"><strong>Sala 4 a\u00f1os: <\/strong><\/span>19 alumnos<\/li>\n<li><span style=\"color: #99cc00;\"><strong>Directora:<\/strong><\/span> Prof.Mar\u00eda Silvia Garc\u00eda<\/li>\n<\/ul>\n<p><span style=\"color: #99cc00;\"><strong>Nivel Secundario<\/strong><\/span><\/p>\n<ul>\n<li>Secundaria Completa Orientaci\u00f3n: Ciencias Naturales<\/li>\n<li>Cursan 150 estudiantes<\/li>\n<li><span style=\"color: #99cc00;\"><strong>Director:<\/strong><\/span>\u00a0Prof. H\u00e9ctor Rogelio Aravena Rodr\u00edguez<\/li>\n<\/ul>\n<p><span style=\"color: #99cc00;\"><strong>Educaci\u00f3n T\u00e9cnica<\/strong><\/span><\/p>\n<p><span style=\"color: #99cc00;\"><strong>Escuela T\u00e9cnica de Capacitaci\u00f3n Laboral N\u00ba1 \u201cPedro Echag\u00fce\u201d<\/strong><\/span><\/p>\n<ul>\n<li>Corte, Confecci\u00f3n y Labores.<\/li>\n<li><span style=\"line-height: 1.5;\">Electricidad Domiciliaria e Industrial<\/span><\/li>\n<li><span style=\"line-height: 1.5;\">Industria de la Alimentaci\u00f3n<\/span><\/li>\n<li>Cursan 63 alumnos<\/li>\n<li><strong>Directora:<\/strong>\u00a0Prof. Mirtha Lorena Palacio<\/li>\n<\/ul>\n<p>&nbsp;<\/p>\n<p><img loading=\"lazy\" decoding=\"async\" class=\"alignnone wp-image-35581 size-full\" src=\"https:\/\/vocesparalelas.com.ar\/sitio\/wp-content\/uploads\/2021\/02\/ESCUELA-ARTURO-BERUTTI-01.jpg\" alt=\"\" width=\"800\" height=\"534\" srcset=\"https:\/\/vocesparalelas.com.ar\/sitio\/wp-content\/uploads\/2021\/02\/ESCUELA-ARTURO-BERUTTI-01.jpg 800w, https:\/\/vocesparalelas.com.ar\/sitio\/wp-content\/uploads\/2021\/02\/ESCUELA-ARTURO-BERUTTI-01-300x200.jpg 300w, https:\/\/vocesparalelas.com.ar\/sitio\/wp-content\/uploads\/2021\/02\/ESCUELA-ARTURO-BERUTTI-01-768x513.jpg 768w\" sizes=\"auto, (max-width: 800px) 100vw, 800px\" \/><\/p>\n","protected":false},"excerpt":{"rendered":"<p>El Lunes, 1 de Marzo, el gobernador de San Juan, Dr. Sergio U\u00f1ac y autoridades del Ministerio de Educaci\u00f3n presiden<\/p>\n","protected":false},"author":3,"featured_media":35583,"comment_status":"closed","ping_status":"closed","sticky":false,"template":"","format":"standard","meta":{"_acf_changed":false,"_seopress_robots_primary_cat":"none","_seopress_titles_title":"","_seopress_titles_desc":"","_seopress_robots_index":"","colormag_page_container_layout":"default_layout","colormag_page_sidebar_layout":"default_layout","footnotes":""},"categories":[1],"tags":[],"class_list":["post-35579","post","type-post","status-publish","format-standard","has-post-thumbnail","hentry","category-destacadas"],"acf":[],"_links":{"self":[{"href":"https:\/\/vocesparalelas.com.ar\/sitio\/wp-json\/wp\/v2\/posts\/35579","targetHints":{"allow":["GET"]}}],"collection":[{"href":"https:\/\/vocesparalelas.com.ar\/sitio\/wp-json\/wp\/v2\/posts"}],"about":[{"href":"https:\/\/vocesparalelas.com.ar\/sitio\/wp-json\/wp\/v2\/types\/post"}],"author":[{"embeddable":true,"href":"https:\/\/vocesparalelas.com.ar\/sitio\/wp-json\/wp\/v2\/users\/3"}],"replies":[{"embeddable":true,"href":"https:\/\/vocesparalelas.com.ar\/sitio\/wp-json\/wp\/v2\/comments?post=35579"}],"version-history":[{"count":1,"href":"https:\/\/vocesparalelas.com.ar\/sitio\/wp-json\/wp\/v2\/posts\/35579\/revisions"}],"predecessor-version":[{"id":35584,"href":"https:\/\/vocesparalelas.com.ar\/sitio\/wp-json\/wp\/v2\/posts\/35579\/revisions\/35584"}],"wp:featuredmedia":[{"embeddable":true,"href":"https:\/\/vocesparalelas.com.ar\/sitio\/wp-json\/wp\/v2\/media\/35583"}],"wp:attachment":[{"href":"https:\/\/vocesparalelas.com.ar\/sitio\/wp-json\/wp\/v2\/media?parent=35579"}],"wp:term":[{"taxonomy":"category","embeddable":true,"href":"https:\/\/vocesparalelas.com.ar\/sitio\/wp-json\/wp\/v2\/categories?post=35579"},{"taxonomy":"post_tag","embeddable":true,"href":"https:\/\/vocesparalelas.com.ar\/sitio\/wp-json\/wp\/v2\/tags?post=35579"}],"curies":[{"name":"wp","href":"https:\/\/api.w.org\/{rel}","templated":true}]}}