{"id":35567,"date":"2021-02-27T22:19:32","date_gmt":"2021-02-28T01:19:32","guid":{"rendered":"http:\/\/vocesparalelas.com.ar\/sitio\/?p=35567"},"modified":"2021-02-27T22:21:42","modified_gmt":"2021-02-28T01:21:42","slug":"9-000-vacunas-sinopharm-llegan-a-san-juan","status":"publish","type":"post","link":"https:\/\/vocesparalelas.com.ar\/sitio\/9-000-vacunas-sinopharm-llegan-a-san-juan\/","title":{"rendered":"9.000 vacunas Sinopharm llegan a San Juan"},"content":{"rendered":"<p>El Ministerio de Salud P\u00fablica del Gobierno de San Juan, a cargo de la Dra. Alejandra Venerando, inform\u00f3 que a comienzo de semana llegan 9.000 dosis de la vacuna Sinopharm que permite continuar con el cronograma establecido en el Plan Provincial de Vacunaci\u00f3n.<\/p>\n<p>La Vacuna Sinopharm contra el Covid19 es realizada por CNGB y proveniente de China.<\/p>\n<p>Desde el Ministerio de Salud de la Naci\u00f3n, a trav\u00e9s de su titular, Dra. Carla Vizzotti, explic\u00f3 que han recibido en el pa\u00eds en esta primera etapa 492.400 dosis, de este total ser\u00e1n distribuidas las dosis a las provincias, teniendo en cuenta dos criterios fundamentales, seg\u00fan el porcentaje de poblaci\u00f3n y dependiendo de la unidad m\u00ednima de embalaje, que es de 400 o 900 dosis por conservadora.<\/p>\n<p>La distribuci\u00f3n de las vacunas Sinopharm por provincia ser\u00e1 la siguiente:<\/p>\n<ul>\n<li>La provincia de Buenos Aires, 186.400 dosis (38,66% de poblaci\u00f3n total)<\/li>\n<li>Ciudad Aut\u00f3noma de Buenos Aires, 33.300 (6,78%);<\/li>\n<li>Catamarca, 4.500 (0,92%);<\/li>\n<li>Chaco, 13.500 (2,65%);<\/li>\n<li>Chubut, 7.200 (1,36%);<\/li>\n<li>C\u00f3rdoba, 40.500 (8,29%);<\/li>\n<li>Corrientes, 12.600 (2,47%);<\/li>\n<li>Entre R\u00edos, 15.300 (3,05%);<\/li>\n<li>Formosa, 7.200 (1,33%);<\/li>\n<li>Jujuy, 9.000 (1,7%);<\/li>\n<li>La Pampa, 4.500 (0,79%);<\/li>\n<li>La Rioja, 4.500 (0,87%);<\/li>\n<li>Mendoza, 21.600 (4,39%);<\/li>\n<li>Misiones, 13.500 (2,78%);<\/li>\n<li>Neuqu\u00e9n, 7.200 (1,46%);<\/li>\n<li>R\u00edo Negro, 8.100 (1,65%);<\/li>\n<li>Salta, 15.300 (3,14%);<\/li>\n<li>San Juan, 9.000 (1,72%);<\/li>\n<li>San Luis, 5.400 (1,12%);<\/li>\n<li>Santa Cruz, 4.500 (0,81%);<\/li>\n<li>Santa Fe, 37.800 (7,79%);<\/li>\n<li>Santiago del Estero, 10.800 (2,16%);<\/li>\n<li>Tierra del Fuego, 2.700 (0,38%); y<\/li>\n<li>Tucum\u00e1n, 18.000 (3,73%).<\/li>\n<\/ul>\n<p>El objetivo es poder seguir completando la inmunizaci\u00f3n de la poblaci\u00f3n del pa\u00eds de cada una de las jurisdicciones para combatir la pandemia del COVID19.<\/p>\n","protected":false},"excerpt":{"rendered":"<p>El Ministerio de Salud P\u00fablica del Gobierno de San Juan, a cargo de la Dra. Alejandra Venerando, inform\u00f3 que a<\/p>\n","protected":false},"author":3,"featured_media":35569,"comment_status":"closed","ping_status":"closed","sticky":false,"template":"","format":"standard","meta":{"_acf_changed":false,"_seopress_robots_primary_cat":"none","_seopress_titles_title":"","_seopress_titles_desc":"","_seopress_robots_index":"","colormag_page_container_layout":"default_layout","colormag_page_sidebar_layout":"default_layout","footnotes":""},"categories":[1],"tags":[],"class_list":["post-35567","post","type-post","status-publish","format-standard","has-post-thumbnail","hentry","category-destacadas"],"acf":[],"_links":{"self":[{"href":"https:\/\/vocesparalelas.com.ar\/sitio\/wp-json\/wp\/v2\/posts\/35567","targetHints":{"allow":["GET"]}}],"collection":[{"href":"https:\/\/vocesparalelas.com.ar\/sitio\/wp-json\/wp\/v2\/posts"}],"about":[{"href":"https:\/\/vocesparalelas.com.ar\/sitio\/wp-json\/wp\/v2\/types\/post"}],"author":[{"embeddable":true,"href":"https:\/\/vocesparalelas.com.ar\/sitio\/wp-json\/wp\/v2\/users\/3"}],"replies":[{"embeddable":true,"href":"https:\/\/vocesparalelas.com.ar\/sitio\/wp-json\/wp\/v2\/comments?post=35567"}],"version-history":[{"count":3,"href":"https:\/\/vocesparalelas.com.ar\/sitio\/wp-json\/wp\/v2\/posts\/35567\/revisions"}],"predecessor-version":[{"id":35572,"href":"https:\/\/vocesparalelas.com.ar\/sitio\/wp-json\/wp\/v2\/posts\/35567\/revisions\/35572"}],"wp:featuredmedia":[{"embeddable":true,"href":"https:\/\/vocesparalelas.com.ar\/sitio\/wp-json\/wp\/v2\/media\/35569"}],"wp:attachment":[{"href":"https:\/\/vocesparalelas.com.ar\/sitio\/wp-json\/wp\/v2\/media?parent=35567"}],"wp:term":[{"taxonomy":"category","embeddable":true,"href":"https:\/\/vocesparalelas.com.ar\/sitio\/wp-json\/wp\/v2\/categories?post=35567"},{"taxonomy":"post_tag","embeddable":true,"href":"https:\/\/vocesparalelas.com.ar\/sitio\/wp-json\/wp\/v2\/tags?post=35567"}],"curies":[{"name":"wp","href":"https:\/\/api.w.org\/{rel}","templated":true}]}}