{"id":35556,"date":"2021-02-27T20:21:00","date_gmt":"2021-02-27T23:21:00","guid":{"rendered":"http:\/\/vocesparalelas.com.ar\/sitio\/?p=35556"},"modified":"2021-02-27T20:21:00","modified_gmt":"2021-02-27T23:21:00","slug":"se-inscribieron-y-reubican-alumnos-del-nivel-inicial","status":"publish","type":"post","link":"https:\/\/vocesparalelas.com.ar\/sitio\/se-inscribieron-y-reubican-alumnos-del-nivel-inicial\/","title":{"rendered":"Se inscribieron y reubican alumnos del Nivel Inicial"},"content":{"rendered":"<p>La Direcci\u00f3n de Nivel Inicial del Ministerio de Educaci\u00f3n del Gobierno de San Juan realiz\u00f3 la inscripci\u00f3n y reubicaci\u00f3n de los aspirantes que ingresan por primera vez a Sala de 3; 4 y 5 a\u00f1os para el Ciclo Lectivo 2021.<\/p>\n<p>Una vez terminada la inscripci\u00f3n en todas las escuelas de la provincia, que se realiz\u00f3 del 22 al 24 de Febrero, se relev\u00f3 la disposici\u00f3n de vacantes en cada uno de los establecimientos escolares, para posteriormente comenzar el procedimiento de reubicaci\u00f3n para los aspirantes que ingresan por primera vez a la Sala de 3; 4 y 5 a\u00f1os en el Ciclo Lectivo 2021. Se seleccionaron Escuelas Sede en los 19 departamentos de la Provincia donde los padres consultaban la disponibilidad de vacantes.<\/p>\n<p><img loading=\"lazy\" decoding=\"async\" class=\"alignnone wp-image-35558 size-full\" src=\"https:\/\/vocesparalelas.com.ar\/sitio\/wp-content\/uploads\/2021\/02\/NIVEL-INICIAL-01.jpg\" alt=\"\" width=\"800\" height=\"415\" srcset=\"https:\/\/vocesparalelas.com.ar\/sitio\/wp-content\/uploads\/2021\/02\/NIVEL-INICIAL-01.jpg 800w, https:\/\/vocesparalelas.com.ar\/sitio\/wp-content\/uploads\/2021\/02\/NIVEL-INICIAL-01-300x156.jpg 300w, https:\/\/vocesparalelas.com.ar\/sitio\/wp-content\/uploads\/2021\/02\/NIVEL-INICIAL-01-768x398.jpg 768w\" sizes=\"auto, (max-width: 800px) 100vw, 800px\" \/><\/p>\n<p>El operativo de reubicaci\u00f3n, estuvo a cargo del Equipo Directivo y docentes del Equipo M\u00f3vil de Educaci\u00f3n Inicial, que trabaj\u00f3 acompa\u00f1ando a cada familia para que de acuerdo a sus necesidades, condiciones de accesibilidad y cercan\u00eda a su domicilio inscribiesen a los chicos en las vacantes existentes.<\/p>\n<p>El procedimiento se realiz\u00f3 con total normalidad dando respuestas a las familias reubicando a 410 estudiantes en Sala de 3, 4 y 5 a\u00f1os a fin de garantizando la trayectoria escolar. En este Ciclo Lectivo 2021 cursar\u00e1n unos 30.000 chicos en Nivel Inicial<\/p>\n<p>El Equipo M\u00f3vil de Educaci\u00f3n Inicial est\u00e1 formado por Directora, Vicedirectora y 54 docentes que cubren los 19 departamentos de la provincia. El Equipo M\u00f3vil garantiza y asegura el derecho a la educaci\u00f3n y la continuidad del servicio educativo cuando se presentan licencias menores a 9 d\u00edas.<\/p>\n<p><img loading=\"lazy\" decoding=\"async\" class=\"alignnone wp-image-35560 size-full\" src=\"https:\/\/vocesparalelas.com.ar\/sitio\/wp-content\/uploads\/2021\/02\/NIVEL-INICIAL-03.jpg\" alt=\"\" width=\"800\" height=\"450\" srcset=\"https:\/\/vocesparalelas.com.ar\/sitio\/wp-content\/uploads\/2021\/02\/NIVEL-INICIAL-03.jpg 800w, https:\/\/vocesparalelas.com.ar\/sitio\/wp-content\/uploads\/2021\/02\/NIVEL-INICIAL-03-300x169.jpg 300w, https:\/\/vocesparalelas.com.ar\/sitio\/wp-content\/uploads\/2021\/02\/NIVEL-INICIAL-03-768x432.jpg 768w\" sizes=\"auto, (max-width: 800px) 100vw, 800px\" \/><\/p>\n<p>&nbsp;<\/p>\n<p>&nbsp;<\/p>\n","protected":false},"excerpt":{"rendered":"<p>La Direcci\u00f3n de Nivel Inicial del Ministerio de Educaci\u00f3n del Gobierno de San Juan realiz\u00f3 la inscripci\u00f3n y reubicaci\u00f3n de<\/p>\n","protected":false},"author":3,"featured_media":35559,"comment_status":"closed","ping_status":"closed","sticky":false,"template":"","format":"standard","meta":{"_acf_changed":false,"_seopress_robots_primary_cat":"none","_seopress_titles_title":"","_seopress_titles_desc":"","_seopress_robots_index":"","colormag_page_container_layout":"default_layout","colormag_page_sidebar_layout":"default_layout","footnotes":""},"categories":[1],"tags":[],"class_list":["post-35556","post","type-post","status-publish","format-standard","has-post-thumbnail","hentry","category-destacadas"],"acf":[],"_links":{"self":[{"href":"https:\/\/vocesparalelas.com.ar\/sitio\/wp-json\/wp\/v2\/posts\/35556","targetHints":{"allow":["GET"]}}],"collection":[{"href":"https:\/\/vocesparalelas.com.ar\/sitio\/wp-json\/wp\/v2\/posts"}],"about":[{"href":"https:\/\/vocesparalelas.com.ar\/sitio\/wp-json\/wp\/v2\/types\/post"}],"author":[{"embeddable":true,"href":"https:\/\/vocesparalelas.com.ar\/sitio\/wp-json\/wp\/v2\/users\/3"}],"replies":[{"embeddable":true,"href":"https:\/\/vocesparalelas.com.ar\/sitio\/wp-json\/wp\/v2\/comments?post=35556"}],"version-history":[{"count":1,"href":"https:\/\/vocesparalelas.com.ar\/sitio\/wp-json\/wp\/v2\/posts\/35556\/revisions"}],"predecessor-version":[{"id":35561,"href":"https:\/\/vocesparalelas.com.ar\/sitio\/wp-json\/wp\/v2\/posts\/35556\/revisions\/35561"}],"wp:featuredmedia":[{"embeddable":true,"href":"https:\/\/vocesparalelas.com.ar\/sitio\/wp-json\/wp\/v2\/media\/35559"}],"wp:attachment":[{"href":"https:\/\/vocesparalelas.com.ar\/sitio\/wp-json\/wp\/v2\/media?parent=35556"}],"wp:term":[{"taxonomy":"category","embeddable":true,"href":"https:\/\/vocesparalelas.com.ar\/sitio\/wp-json\/wp\/v2\/categories?post=35556"},{"taxonomy":"post_tag","embeddable":true,"href":"https:\/\/vocesparalelas.com.ar\/sitio\/wp-json\/wp\/v2\/tags?post=35556"}],"curies":[{"name":"wp","href":"https:\/\/api.w.org\/{rel}","templated":true}]}}