{"id":35550,"date":"2021-02-26T23:10:21","date_gmt":"2021-02-27T02:10:21","guid":{"rendered":"http:\/\/vocesparalelas.com.ar\/sitio\/?p=35550"},"modified":"2021-03-01T23:52:46","modified_gmt":"2021-03-02T02:52:46","slug":"i-jornada-la-tarea-de-la-mujer-en-ingenieria","status":"publish","type":"post","link":"https:\/\/vocesparalelas.com.ar\/sitio\/i-jornada-la-tarea-de-la-mujer-en-ingenieria\/","title":{"rendered":"I Jornada \u201cLa tarea de la Mujer en Ingenier\u00eda\u201d"},"content":{"rendered":"<p>La Facultad de Ingenier\u00eda de la Universidad Nacional de San Juan invita a la comunidad a participar de la I Jornada \u201cLa tarea de la Mujer en Ingenier\u00eda\u201d, el Lunes, 8 de Marzo, de 15 a 18 hs.; bajo la modalidad virtual v\u00eda Zoom, a cargo de la Ing. Andrea D\u00edaz- Vicejefa del Dpto. de Ingenier\u00eda de Minas de la Facultad de Ingenier\u00eda de la UNSJ.<\/p>\n<p><strong><span style=\"color: #99cc00;\">Organiza<\/span><\/strong><\/p>\n<p>La Unidad del Departamento de Ingenier\u00eda de Minas, con la colaboraci\u00f3n de docentes y estudiantes de diferentes Carreras de la Facultad de Ingenier\u00eda donde se hace la presentaci\u00f3n del Libro \u00abMatilda y las Mujeres en Ingenier\u00eda en Am\u00e9rica Latina\u00bb.<\/p>\n<p>El objetivo es de sensibilizar el trabajo que realizan las mujeres en la Facultad de Ingenier\u00eda.<\/p>\n<p><strong><span style=\"color: #99cc00;\">\u00bfQu\u00e9 es el efecto Matilda?<\/span><\/strong><\/p>\n<p>Es un prejuicio en contra de los logros de las mujeres cient\u00edficas, cuyo trabajo a menudo se atribuye a sus colegas masculinos.<\/p>\n<p>Este fen\u00f3meno fue descripto por primera vez por la sufragista y abolicionista Matilda Joslyn Gage, en su ensayo \u00abLa mujer como inventora\u00bb.<\/p>\n<p>Durante, la I Jornada \u201cLa tarea de la Mujer en Ingenier\u00eda\u201d, se presenta el libro \u201cMatilda y las Mujeres en Ingenier\u00eda en Am\u00e9rica Latina\u201d. Presentaci\u00f3n, Carla y debate abierto a todo p\u00fablico<\/p>\n<p><img loading=\"lazy\" decoding=\"async\" class=\"alignnone wp-image-35554 size-full\" src=\"https:\/\/vocesparalelas.com.ar\/sitio\/wp-content\/uploads\/2021\/02\/FI-MATILDA.jpg\" alt=\"\" width=\"800\" height=\"800\" srcset=\"https:\/\/vocesparalelas.com.ar\/sitio\/wp-content\/uploads\/2021\/02\/FI-MATILDA.jpg 800w, https:\/\/vocesparalelas.com.ar\/sitio\/wp-content\/uploads\/2021\/02\/FI-MATILDA-300x300.jpg 300w, https:\/\/vocesparalelas.com.ar\/sitio\/wp-content\/uploads\/2021\/02\/FI-MATILDA-150x150.jpg 150w, https:\/\/vocesparalelas.com.ar\/sitio\/wp-content\/uploads\/2021\/02\/FI-MATILDA-768x768.jpg 768w\" sizes=\"auto, (max-width: 800px) 100vw, 800px\" \/><\/p>\n<p><strong><span style=\"color: #99cc00;\">Inscripci\u00f3n<\/span><\/strong><\/p>\n<p><a href=\"http:\/\/bit.ly\/2NV4j2f\">http:\/\/bit.ly\/2NV4j2f<\/a><\/p>\n<p>&nbsp;<\/p>\n<p><img loading=\"lazy\" decoding=\"async\" class=\"alignnone wp-image-35552 size-full\" src=\"https:\/\/vocesparalelas.com.ar\/sitio\/wp-content\/uploads\/2021\/02\/FI-JORNADA-MUJER-01.jpg\" alt=\"\" width=\"800\" height=\"1000\" srcset=\"https:\/\/vocesparalelas.com.ar\/sitio\/wp-content\/uploads\/2021\/02\/FI-JORNADA-MUJER-01.jpg 800w, https:\/\/vocesparalelas.com.ar\/sitio\/wp-content\/uploads\/2021\/02\/FI-JORNADA-MUJER-01-240x300.jpg 240w, https:\/\/vocesparalelas.com.ar\/sitio\/wp-content\/uploads\/2021\/02\/FI-JORNADA-MUJER-01-640x800.jpg 640w, https:\/\/vocesparalelas.com.ar\/sitio\/wp-content\/uploads\/2021\/02\/FI-JORNADA-MUJER-01-768x960.jpg 768w\" sizes=\"auto, (max-width: 800px) 100vw, 800px\" \/><\/p>\n<p>&nbsp;<\/p>\n<p><img loading=\"lazy\" decoding=\"async\" class=\"alignnone wp-image-23028 size-large\" src=\"https:\/\/vocesparalelas.com.ar\/sitio\/wp-content\/uploads\/2019\/08\/FI-UNSJ-EDIFICIO-800x600.jpg\" alt=\"\" width=\"800\" height=\"600\" srcset=\"https:\/\/vocesparalelas.com.ar\/sitio\/wp-content\/uploads\/2019\/08\/FI-UNSJ-EDIFICIO-800x600.jpg 800w, https:\/\/vocesparalelas.com.ar\/sitio\/wp-content\/uploads\/2019\/08\/FI-UNSJ-EDIFICIO-300x225.jpg 300w, https:\/\/vocesparalelas.com.ar\/sitio\/wp-content\/uploads\/2019\/08\/FI-UNSJ-EDIFICIO-768x576.jpg 768w, https:\/\/vocesparalelas.com.ar\/sitio\/wp-content\/uploads\/2019\/08\/FI-UNSJ-EDIFICIO.jpg 888w\" sizes=\"auto, (max-width: 800px) 100vw, 800px\" \/><\/p>\n","protected":false},"excerpt":{"rendered":"<p>La Facultad de Ingenier\u00eda de la Universidad Nacional de San Juan invita a la comunidad a participar de la I<\/p>\n","protected":false},"author":3,"featured_media":35553,"comment_status":"closed","ping_status":"closed","sticky":false,"template":"","format":"standard","meta":{"_acf_changed":false,"_seopress_robots_primary_cat":"none","_seopress_titles_title":"","_seopress_titles_desc":"","_seopress_robots_index":"","colormag_page_container_layout":"default_layout","colormag_page_sidebar_layout":"default_layout","footnotes":""},"categories":[9],"tags":[],"class_list":["post-35550","post","type-post","status-publish","format-standard","has-post-thumbnail","hentry","category-cursos"],"acf":[],"_links":{"self":[{"href":"https:\/\/vocesparalelas.com.ar\/sitio\/wp-json\/wp\/v2\/posts\/35550","targetHints":{"allow":["GET"]}}],"collection":[{"href":"https:\/\/vocesparalelas.com.ar\/sitio\/wp-json\/wp\/v2\/posts"}],"about":[{"href":"https:\/\/vocesparalelas.com.ar\/sitio\/wp-json\/wp\/v2\/types\/post"}],"author":[{"embeddable":true,"href":"https:\/\/vocesparalelas.com.ar\/sitio\/wp-json\/wp\/v2\/users\/3"}],"replies":[{"embeddable":true,"href":"https:\/\/vocesparalelas.com.ar\/sitio\/wp-json\/wp\/v2\/comments?post=35550"}],"version-history":[{"count":1,"href":"https:\/\/vocesparalelas.com.ar\/sitio\/wp-json\/wp\/v2\/posts\/35550\/revisions"}],"predecessor-version":[{"id":35555,"href":"https:\/\/vocesparalelas.com.ar\/sitio\/wp-json\/wp\/v2\/posts\/35550\/revisions\/35555"}],"wp:featuredmedia":[{"embeddable":true,"href":"https:\/\/vocesparalelas.com.ar\/sitio\/wp-json\/wp\/v2\/media\/35553"}],"wp:attachment":[{"href":"https:\/\/vocesparalelas.com.ar\/sitio\/wp-json\/wp\/v2\/media?parent=35550"}],"wp:term":[{"taxonomy":"category","embeddable":true,"href":"https:\/\/vocesparalelas.com.ar\/sitio\/wp-json\/wp\/v2\/categories?post=35550"},{"taxonomy":"post_tag","embeddable":true,"href":"https:\/\/vocesparalelas.com.ar\/sitio\/wp-json\/wp\/v2\/tags?post=35550"}],"curies":[{"name":"wp","href":"https:\/\/api.w.org\/{rel}","templated":true}]}}