{"id":35538,"date":"2021-02-26T21:02:22","date_gmt":"2021-02-27T00:02:22","guid":{"rendered":"http:\/\/vocesparalelas.com.ar\/sitio\/?p=35538"},"modified":"2021-02-28T21:36:47","modified_gmt":"2021-03-01T00:36:47","slug":"convocatoria-para-conformar-el-consejo-provincial-de-proteccion-integral-de-la-mujer","status":"publish","type":"post","link":"https:\/\/vocesparalelas.com.ar\/sitio\/convocatoria-para-conformar-el-consejo-provincial-de-proteccion-integral-de-la-mujer\/","title":{"rendered":"Convocatoria para conformar el Consejo Provincial de Protecci\u00f3n Integral de la Mujer"},"content":{"rendered":"<p>En el marco de las diversas actividades programadas por el mes de la Mujer, el Ministerio de Desarrollo Humano y Promoci\u00f3n Social del Gobierno de San Juan, a trav\u00e9s de la Direcci\u00f3n de la Mujer, convoca a todas las organizaciones Sociales que trabajan en defensa de los derechos de las mujeres, en prevenci\u00f3n y asistencia de situaciones de violencia por motivos de g\u00e9neros en la provincia de San Juan a conformar el Consejo Provincial de Protecci\u00f3n Integral de la Mujer previsto en la Ley Provincial N\u00ba 1317-S.<\/p>\n<p>La propuesta es la de crear un Plan de Atenci\u00f3n y Prevenci\u00f3n de la Violencia, con dotaci\u00f3n de recursos reales y espec\u00edficos en materia de protecci\u00f3n, reparaci\u00f3n y atenci\u00f3n, reforzando los servicios especializados de atenci\u00f3n integral a las mujeres, articulando diferentes acciones para tal fin.<\/p>\n<p>En este sentido, cada Organizaci\u00f3n Social que se presente para conformar dicho Consejo deber\u00e1 designar un miembro titular y un mimbro suplente para representar dicho Consejo. Las y los interesados deber\u00e1n presentarse con los requisitos establecidos por la legislaci\u00f3n vigente en la sede de la Direcci\u00f3n de la Mujer ubicada en calle 25 de Mayo 451 (oeste), Capital, en horario de 7 a 13 horas, desde el 1 al 5 de marzo.<\/p>\n<p>La documentaci\u00f3n que se deber\u00e1 presentar para tal fin es: Certificado expedido por la Inspecci\u00f3n General de Personas Jur\u00eddicas de San Juan que acredite la vigencia de la Personar\u00eda Jur\u00eddica, copia de los Estatutos Sociales y copia del Acta de designaci\u00f3n de Autoridades.<\/p>\n<p>La presente convocatoria para la constituci\u00f3n e inicio de funcionamiento del Consejo Provincial de Protecci\u00f3n Integral de la Mujer, es el pr\u00f3ximo d\u00eda 8 de marzo del corriente a\u00f1o, 9 horas en el d\u00eda que se conmemora a nivel mundial el D\u00eda de la Mujer.<\/p>\n<p>&nbsp;<\/p>\n<p>&nbsp;<\/p>\n","protected":false},"excerpt":{"rendered":"<p>En el marco de las diversas actividades programadas por el mes de la Mujer, el Ministerio de Desarrollo Humano y<\/p>\n","protected":false},"author":3,"featured_media":35540,"comment_status":"closed","ping_status":"closed","sticky":false,"template":"","format":"standard","meta":{"_acf_changed":false,"_seopress_robots_primary_cat":"none","_seopress_titles_title":"","_seopress_titles_desc":"","_seopress_robots_index":"","colormag_page_container_layout":"default_layout","colormag_page_sidebar_layout":"default_layout","footnotes":""},"categories":[2],"tags":[],"class_list":["post-35538","post","type-post","status-publish","format-standard","has-post-thumbnail","hentry","category-convocatorias"],"acf":[],"_links":{"self":[{"href":"https:\/\/vocesparalelas.com.ar\/sitio\/wp-json\/wp\/v2\/posts\/35538","targetHints":{"allow":["GET"]}}],"collection":[{"href":"https:\/\/vocesparalelas.com.ar\/sitio\/wp-json\/wp\/v2\/posts"}],"about":[{"href":"https:\/\/vocesparalelas.com.ar\/sitio\/wp-json\/wp\/v2\/types\/post"}],"author":[{"embeddable":true,"href":"https:\/\/vocesparalelas.com.ar\/sitio\/wp-json\/wp\/v2\/users\/3"}],"replies":[{"embeddable":true,"href":"https:\/\/vocesparalelas.com.ar\/sitio\/wp-json\/wp\/v2\/comments?post=35538"}],"version-history":[{"count":1,"href":"https:\/\/vocesparalelas.com.ar\/sitio\/wp-json\/wp\/v2\/posts\/35538\/revisions"}],"predecessor-version":[{"id":35541,"href":"https:\/\/vocesparalelas.com.ar\/sitio\/wp-json\/wp\/v2\/posts\/35538\/revisions\/35541"}],"wp:featuredmedia":[{"embeddable":true,"href":"https:\/\/vocesparalelas.com.ar\/sitio\/wp-json\/wp\/v2\/media\/35540"}],"wp:attachment":[{"href":"https:\/\/vocesparalelas.com.ar\/sitio\/wp-json\/wp\/v2\/media?parent=35538"}],"wp:term":[{"taxonomy":"category","embeddable":true,"href":"https:\/\/vocesparalelas.com.ar\/sitio\/wp-json\/wp\/v2\/categories?post=35538"},{"taxonomy":"post_tag","embeddable":true,"href":"https:\/\/vocesparalelas.com.ar\/sitio\/wp-json\/wp\/v2\/tags?post=35538"}],"curies":[{"name":"wp","href":"https:\/\/api.w.org\/{rel}","templated":true}]}}