{"id":35494,"date":"2021-02-25T23:08:26","date_gmt":"2021-02-26T02:08:26","guid":{"rendered":"http:\/\/vocesparalelas.com.ar\/sitio\/?p=35494"},"modified":"2021-02-25T23:10:08","modified_gmt":"2021-02-26T02:10:08","slug":"se-restituyo-el-hito-historico-sarmientino-a-la-biblioteca-franklin","status":"publish","type":"post","link":"https:\/\/vocesparalelas.com.ar\/sitio\/se-restituyo-el-hito-historico-sarmientino-a-la-biblioteca-franklin\/","title":{"rendered":"Se restituy\u00f3 el hito hist\u00f3rico sarmientino a la Biblioteca Franklin"},"content":{"rendered":"<div dir=\"auto\">\n<div dir=\"auto\">\n<p>Al Celebrarse el 210\u00b0 Aniversario del Natalicio del Maestro de Am\u00e9rica, la Municipalidad de la Capital y la Asociaci\u00f3n Amigos de la Casa Natal de Sarmiento realizaron la restituci\u00f3n del hito hist\u00f3rico en la Sociedad Franklin Biblioteca Popular.<\/p>\n<p>El mismo fue destruido en Febrero de 2020 en un acto vand\u00e1lico y es uno de los que integran el proyecto \u201cCaminos de educaci\u00f3n\u201d.<\/p>\n<p>El emplazamiento en el frente de la biblioteca no es casual ya que la creaci\u00f3n de Bibliotecas Populares fue uno de los objetivos m\u00e1s claros de Sarmiento y esta instituci\u00f3n es la m\u00e1s antigua de su tipo en Sudam\u00e9rica.<\/p>\n<p>El intendente de la Municipalidad de la Ciudad Capital, Dr. Emilio Baistrocchi manifest\u00f3 que \u201cla importancia de seguir los pasos de Sarmiento, un hombre ejecutivo y operativo, comprometido con su pueblo\u201d.<\/p>\n<p>En este sentido, el jefe comunal asumi\u00f3 la inversi\u00f3n de fondos que se gestionan en Naci\u00f3n para poner en valor todos los hitos de la ciudad y reafirmar el compromiso con el patrimonio hist\u00f3rico, cultural y estructural que el pr\u00f3cer conserva en nuestra ciudad.<\/p>\n<p>Los \u201cCaminos de la Educaci\u00f3n\u201d es un aporte a la promoci\u00f3n tur\u00edstica de la provincia, especialmente de la Ciudad de San Juan, ya que se nutre de numerosos lugares o espacios claves y especialmente aquellos vinculados a la vida de Sarmiento y a su obra educativa.<\/p>\n<p>Todos hitos son piezas singulares de m\u00e1rmol travertino doble cara, escritos en castellano e ingl\u00e9s, identificando a la instituci\u00f3n y el motivo por el cual fue elegido.<\/p>\n<p>Los Hitos est\u00e1n ubicados en:<\/p>\n<ul>\n<li>\u00abEscuela de la Patria\u00bb. Mitre y Mendoza.<\/li>\n<li>Colegio Nacional, \u00abMonse\u00f1or Pablo Cabrera\u00bb.<\/li>\n<li>Escuela Normal Superior Sarmiento.<\/li>\n<li>Escuela Sarmiento.<\/li>\n<li>Escuela Industrial Domingo Faustino Sarmiento.<\/li>\n<li>Escuela de Fruticultura y Enolog\u00eda.<\/li>\n<li>Colegio Santa Rosa de Lima.<\/li>\n<li>Biblioteca Popular Franklin.<\/li>\n<li>Escuela Normal N\u00ba 1 de CABA, en la provincia de Buenos Aires.<\/li>\n<li>Escuela San Francisco del Monte de Oro, en la provincia de San Luis.<\/li>\n<\/ul>\n<p>En el acto estuvieron presentes el intendente de la Municipalidad de la Capital, Dr. Emilio Baistrocchi, la secretaria de Cultura, Turismo y Educaci\u00f3n de la Capital CPN Sandra Barcel\u00f3, la presidente de la Asociaci\u00f3n Amigos de la Casa Natal de Sarmiento, Prof. Elena Basso de Conti y miembros de Comisi\u00f3n Directiva: Beatriz Oviedo Coria, Beatriz Piscitello de D\u00e1vila, la presidente de la Biblioteca Franklin, Dra. Rita Avel\u00edn, la presidente del Ateneo Cultural Femenino \u00abPaula Albarrac\u00edn de Sarmiento\u00bb, Lic. Mar\u00eda Amelia Manzilla de Riveros, la directora del Museo y Biblioteca Casa Natal de Sarmiento, Arq. Mar\u00eda Rosa Plana y el Lic. Luis Eduardo Meglioli.<\/p>\n<p><img loading=\"lazy\" decoding=\"async\" class=\"alignnone wp-image-35497 size-full\" src=\"https:\/\/vocesparalelas.com.ar\/sitio\/wp-content\/uploads\/2021\/02\/HITO-02.jpg\" alt=\"\" width=\"800\" height=\"532\" srcset=\"https:\/\/vocesparalelas.com.ar\/sitio\/wp-content\/uploads\/2021\/02\/HITO-02.jpg 800w, https:\/\/vocesparalelas.com.ar\/sitio\/wp-content\/uploads\/2021\/02\/HITO-02-300x200.jpg 300w, https:\/\/vocesparalelas.com.ar\/sitio\/wp-content\/uploads\/2021\/02\/HITO-02-768x511.jpg 768w\" sizes=\"auto, (max-width: 800px) 100vw, 800px\" \/><\/p>\n<p>&nbsp;<\/p>\n<\/div>\n<\/div>\n<p>&nbsp;<\/p>\n<div id=\"DAB4FAD8-2DD7-40BB-A1B8-4E2AA1F9FDF2\"><\/div>\n","protected":false},"excerpt":{"rendered":"<p>Al Celebrarse el 210\u00b0 Aniversario del Natalicio del Maestro de Am\u00e9rica, la Municipalidad de la Capital y la Asociaci\u00f3n Amigos<\/p>\n","protected":false},"author":3,"featured_media":35499,"comment_status":"closed","ping_status":"closed","sticky":false,"template":"","format":"standard","meta":{"_acf_changed":false,"_seopress_robots_primary_cat":"none","_seopress_titles_title":"","_seopress_titles_desc":"","_seopress_robots_index":"","colormag_page_container_layout":"default_layout","colormag_page_sidebar_layout":"default_layout","footnotes":""},"categories":[1],"tags":[],"class_list":["post-35494","post","type-post","status-publish","format-standard","has-post-thumbnail","hentry","category-destacadas"],"acf":[],"_links":{"self":[{"href":"https:\/\/vocesparalelas.com.ar\/sitio\/wp-json\/wp\/v2\/posts\/35494","targetHints":{"allow":["GET"]}}],"collection":[{"href":"https:\/\/vocesparalelas.com.ar\/sitio\/wp-json\/wp\/v2\/posts"}],"about":[{"href":"https:\/\/vocesparalelas.com.ar\/sitio\/wp-json\/wp\/v2\/types\/post"}],"author":[{"embeddable":true,"href":"https:\/\/vocesparalelas.com.ar\/sitio\/wp-json\/wp\/v2\/users\/3"}],"replies":[{"embeddable":true,"href":"https:\/\/vocesparalelas.com.ar\/sitio\/wp-json\/wp\/v2\/comments?post=35494"}],"version-history":[{"count":1,"href":"https:\/\/vocesparalelas.com.ar\/sitio\/wp-json\/wp\/v2\/posts\/35494\/revisions"}],"predecessor-version":[{"id":35498,"href":"https:\/\/vocesparalelas.com.ar\/sitio\/wp-json\/wp\/v2\/posts\/35494\/revisions\/35498"}],"wp:featuredmedia":[{"embeddable":true,"href":"https:\/\/vocesparalelas.com.ar\/sitio\/wp-json\/wp\/v2\/media\/35499"}],"wp:attachment":[{"href":"https:\/\/vocesparalelas.com.ar\/sitio\/wp-json\/wp\/v2\/media?parent=35494"}],"wp:term":[{"taxonomy":"category","embeddable":true,"href":"https:\/\/vocesparalelas.com.ar\/sitio\/wp-json\/wp\/v2\/categories?post=35494"},{"taxonomy":"post_tag","embeddable":true,"href":"https:\/\/vocesparalelas.com.ar\/sitio\/wp-json\/wp\/v2\/tags?post=35494"}],"curies":[{"name":"wp","href":"https:\/\/api.w.org\/{rel}","templated":true}]}}