{"id":35489,"date":"2021-02-25T21:57:05","date_gmt":"2021-02-26T00:57:05","guid":{"rendered":"http:\/\/vocesparalelas.com.ar\/sitio\/?p=35489"},"modified":"2021-02-25T22:01:00","modified_gmt":"2021-02-26T01:01:00","slug":"el-secretario-de-energia-de-la-nacion-llega-a-san-juan-para-inaugurar-la-planta-solar-de-archipurac-y-firmar-convenios","status":"publish","type":"post","link":"https:\/\/vocesparalelas.com.ar\/sitio\/el-secretario-de-energia-de-la-nacion-llega-a-san-juan-para-inaugurar-la-planta-solar-de-archipurac-y-firmar-convenios\/","title":{"rendered":"El secretario de Energ\u00eda de la Naci\u00f3n llega a San Juan para inaugurar la planta solar de Archipurac y firmar convenios"},"content":{"rendered":"<p>Finalizando la semana, el secretario de Energ\u00eda de la Naci\u00f3n, CPN Dar\u00edo Mart\u00ednez, llega el Viernes, 26 de Febrero a San Juan para inaugurar una planta solar ubicada en Archipurac, firmar convenios, y recorrer diferentes obras.<\/p>\n<p>La primera actividad del secretario junto al gobernador de San Juan, Dr. Sergio U\u00f1ac, es en el Departamento Calingasta. Los funcionarios, acompa\u00f1ados por el ministro de Obras y Servicios P\u00fablicos, Ing. Julio Ortiz Andino, llegan a suelo calingastino para recorrer el Dique El Tambolar. Adem\u00e1s, sobrevuelan obras de importancia para San Juan.<\/p>\n<p>La comitiva se traslada hacia Archipurac para dejar inaugurada la Planta Solar del Parque Ambiental de mencionado lugar. La actividad est\u00e1 prevista para las 10:00 hs.<\/p>\n<p>Adem\u00e1s, en Archipurac, se desarrolla la firma de un convenio entre el Gobierno de San Juan y la Secretar\u00eda de Energ\u00eda de la Naci\u00f3n que trae importantes beneficios para San Juan.<\/p>\n<p>&nbsp;<\/p>\n<p>&nbsp;<\/p>\n","protected":false},"excerpt":{"rendered":"<p>Finalizando la semana, el secretario de Energ\u00eda de la Naci\u00f3n, CPN Dar\u00edo Mart\u00ednez, llega el Viernes, 26 de Febrero a<\/p>\n","protected":false},"author":3,"featured_media":35493,"comment_status":"closed","ping_status":"closed","sticky":false,"template":"","format":"standard","meta":{"_acf_changed":false,"_seopress_robots_primary_cat":"none","_seopress_titles_title":"","_seopress_titles_desc":"","_seopress_robots_index":"","colormag_page_container_layout":"default_layout","colormag_page_sidebar_layout":"default_layout","footnotes":""},"categories":[1],"tags":[],"class_list":["post-35489","post","type-post","status-publish","format-standard","has-post-thumbnail","hentry","category-destacadas"],"acf":[],"_links":{"self":[{"href":"https:\/\/vocesparalelas.com.ar\/sitio\/wp-json\/wp\/v2\/posts\/35489","targetHints":{"allow":["GET"]}}],"collection":[{"href":"https:\/\/vocesparalelas.com.ar\/sitio\/wp-json\/wp\/v2\/posts"}],"about":[{"href":"https:\/\/vocesparalelas.com.ar\/sitio\/wp-json\/wp\/v2\/types\/post"}],"author":[{"embeddable":true,"href":"https:\/\/vocesparalelas.com.ar\/sitio\/wp-json\/wp\/v2\/users\/3"}],"replies":[{"embeddable":true,"href":"https:\/\/vocesparalelas.com.ar\/sitio\/wp-json\/wp\/v2\/comments?post=35489"}],"version-history":[{"count":1,"href":"https:\/\/vocesparalelas.com.ar\/sitio\/wp-json\/wp\/v2\/posts\/35489\/revisions"}],"predecessor-version":[{"id":35492,"href":"https:\/\/vocesparalelas.com.ar\/sitio\/wp-json\/wp\/v2\/posts\/35489\/revisions\/35492"}],"wp:featuredmedia":[{"embeddable":true,"href":"https:\/\/vocesparalelas.com.ar\/sitio\/wp-json\/wp\/v2\/media\/35493"}],"wp:attachment":[{"href":"https:\/\/vocesparalelas.com.ar\/sitio\/wp-json\/wp\/v2\/media?parent=35489"}],"wp:term":[{"taxonomy":"category","embeddable":true,"href":"https:\/\/vocesparalelas.com.ar\/sitio\/wp-json\/wp\/v2\/categories?post=35489"},{"taxonomy":"post_tag","embeddable":true,"href":"https:\/\/vocesparalelas.com.ar\/sitio\/wp-json\/wp\/v2\/tags?post=35489"}],"curies":[{"name":"wp","href":"https:\/\/api.w.org\/{rel}","templated":true}]}}