{"id":35476,"date":"2021-02-25T20:19:05","date_gmt":"2021-02-25T23:19:05","guid":{"rendered":"http:\/\/vocesparalelas.com.ar\/sitio\/?p=35476"},"modified":"2021-02-27T22:10:01","modified_gmt":"2021-02-28T01:10:01","slug":"se-garantiza-el-aporte-nutricional-a-los-alumnos-durante-las-clases-presenciales","status":"publish","type":"post","link":"https:\/\/vocesparalelas.com.ar\/sitio\/se-garantiza-el-aporte-nutricional-a-los-alumnos-durante-las-clases-presenciales\/","title":{"rendered":"Se garantiza el aporte nutricional a los alumnos durante las clases presenciales"},"content":{"rendered":"<p>Con el inminente comienzo del Ciclo Lectivo 2021 y el regreso presencial de los alumnos a las escuelas de San Juan, el Estado garantiza continuar con el aporte nutricional que hasta el a\u00f1o pasado se conoc\u00eda como \u00abCopa de Leche\u00bb y \u00abComedores escolares\u00bb.<\/p>\n<p>Producto de la actual situaci\u00f3n sanitaria y buscando preservar la salud de todos los beneficiarios y personal que llevaba adelante esta labor, el Ministerio de Desarrollo Humano y Promoci\u00f3n Social, a trav\u00e9s de la Direcci\u00f3n de Pol\u00edticas Alimentarias estableci\u00f3 una metodolog\u00eda diferente para lograr alcanzar a todos los titulares de derecho.<\/p>\n<p>Este a\u00f1o, con la asistencia mediante la entrega de un m\u00f3dulo alimentario mensual de manera personal en cada establecimiento involucrado. Este trabajo es realizado por el Ministerio de Desarrollo Humano y Promoci\u00f3n Social en el Gran San Juan, Pocito y Albard\u00f3n, mientras que cuenta con un trabajo articulado con los municipios de los dem\u00e1s departamentos.<\/p>\n<p>Un total de 37.500 kits alimentarios son distribuidos en cada departamento de San Juan, mes a mes, como reemplazo del tradicional comedor escolar.<\/p>\n<p>Al mismo tiempo, son m\u00e1s de 100.000 los desayunos y meriendas fortificados a entregar por parte del Ministerio de Desarrollo Humano y Promoci\u00f3n Social.<\/p>\n<p>Es importante destacar que, en el caso de los beneficiarios de desayunos y meriendas fortificados, el m\u00f3dulo que reciben est\u00e1 integrado por una serie de productos que reemplazaran aquellos que recib\u00edan habitualmente en sus escuelas como leche, arroz con leche, bud\u00edn y diferentes tipos de galletas y cereales.<\/p>\n<p>En el caso de quienes asistn a comedores escolares, reciben un kit alimentario el cu\u00e1l es adaptado a las necesidades espec\u00edficas de este rango etario. Esto implica el reemplazo de aquellos productos que se encuentran incluidos en el m\u00f3dulo de asistencia social tradicional.<\/p>\n<p>En ambos casos, la composici\u00f3n de cada m\u00f3dulo est\u00e1 supervisada por profesionales de nutrici\u00f3n del Ministeriobuscando garantizar una correcta y sana alimentaci\u00f3n de ni\u00f1os y ni\u00f1as.<\/p>\n<p>&nbsp;<\/p>\n<p>&nbsp;<\/p>\n","protected":false},"excerpt":{"rendered":"<p>Con el inminente comienzo del Ciclo Lectivo 2021 y el regreso presencial de los alumnos a las escuelas de San<\/p>\n","protected":false},"author":3,"featured_media":35478,"comment_status":"closed","ping_status":"closed","sticky":false,"template":"","format":"standard","meta":{"_acf_changed":false,"_seopress_robots_primary_cat":"none","_seopress_titles_title":"","_seopress_titles_desc":"","_seopress_robots_index":"","colormag_page_container_layout":"default_layout","colormag_page_sidebar_layout":"default_layout","footnotes":""},"categories":[6],"tags":[],"class_list":["post-35476","post","type-post","status-publish","format-standard","has-post-thumbnail","hentry","category-eventos"],"acf":[],"_links":{"self":[{"href":"https:\/\/vocesparalelas.com.ar\/sitio\/wp-json\/wp\/v2\/posts\/35476","targetHints":{"allow":["GET"]}}],"collection":[{"href":"https:\/\/vocesparalelas.com.ar\/sitio\/wp-json\/wp\/v2\/posts"}],"about":[{"href":"https:\/\/vocesparalelas.com.ar\/sitio\/wp-json\/wp\/v2\/types\/post"}],"author":[{"embeddable":true,"href":"https:\/\/vocesparalelas.com.ar\/sitio\/wp-json\/wp\/v2\/users\/3"}],"replies":[{"embeddable":true,"href":"https:\/\/vocesparalelas.com.ar\/sitio\/wp-json\/wp\/v2\/comments?post=35476"}],"version-history":[{"count":1,"href":"https:\/\/vocesparalelas.com.ar\/sitio\/wp-json\/wp\/v2\/posts\/35476\/revisions"}],"predecessor-version":[{"id":35479,"href":"https:\/\/vocesparalelas.com.ar\/sitio\/wp-json\/wp\/v2\/posts\/35476\/revisions\/35479"}],"wp:featuredmedia":[{"embeddable":true,"href":"https:\/\/vocesparalelas.com.ar\/sitio\/wp-json\/wp\/v2\/media\/35478"}],"wp:attachment":[{"href":"https:\/\/vocesparalelas.com.ar\/sitio\/wp-json\/wp\/v2\/media?parent=35476"}],"wp:term":[{"taxonomy":"category","embeddable":true,"href":"https:\/\/vocesparalelas.com.ar\/sitio\/wp-json\/wp\/v2\/categories?post=35476"},{"taxonomy":"post_tag","embeddable":true,"href":"https:\/\/vocesparalelas.com.ar\/sitio\/wp-json\/wp\/v2\/tags?post=35476"}],"curies":[{"name":"wp","href":"https:\/\/api.w.org\/{rel}","templated":true}]}}