{"id":35450,"date":"2021-02-24T21:08:10","date_gmt":"2021-02-25T00:08:10","guid":{"rendered":"http:\/\/vocesparalelas.com.ar\/sitio\/?p=35450"},"modified":"2021-02-24T21:08:58","modified_gmt":"2021-02-25T00:08:58","slug":"se-inicio-la-vacunacion-a-los-docentes-y-fuerzas-de-seguridad-con-patologias-cronicas-en-san-juan","status":"publish","type":"post","link":"https:\/\/vocesparalelas.com.ar\/sitio\/se-inicio-la-vacunacion-a-los-docentes-y-fuerzas-de-seguridad-con-patologias-cronicas-en-san-juan\/","title":{"rendered":"Se inici\u00f3 la vacunaci\u00f3n a los docentes y fuerzas de seguridad con patolog\u00edas cr\u00f3nicas en San Juan"},"content":{"rendered":"<p>De acuerdo al cronograma del Plan provincial de vacunaci\u00f3n, los docentes al igual que los miembros de las Fuerzas de Seguridad, deben concurrir en horario de tarde de 14:30 a 20:00 hs al estadio Aldo Cantoni, donde las autoridades ministeriales dispusieron del personal sanitario para la administraci\u00f3n de la vacuna a este grupo.<\/p>\n<p>Las inmunizaciones est\u00e1n destinadas a los profesionales de la educaci\u00f3n tanto del \u00e1mbito p\u00fablico como privado, quedando exceptuado por el momento los educadores universitarios.<\/p>\n<p>Patricia Asunto y Mar\u00eda Elvira, son dos docentes que llegaron temprano \u201cpara ser unas de las primeras\u201d, dijeron sonrientes. Ambas trabajan en escuelas secundarias.<\/p>\n<p>Para Patricia, de 57 a\u00f1os este momento es muy importante, \u201cporque a partir de ahora podr\u00edamos volver a la presencialidad y brindarles mayor seguridad a nuestros alumnos y para nuestras familias\u00bb.<\/p>\n<p>Mar\u00eda Elvira, docente de Pocito, dijo que \u201cacceder a la vacuna es una esperanza que mitigar\u00e1 a este virus tan contagioso. Estamos tan ansiosas como los chicos por volver al aula y a la presencialidad ya que la Escuela crea lazos imborrables en nuestra historia de vida\u00bb, afirm\u00f3.<\/p>\n<p>Para acceder a la inmunizaci\u00f3n de la primera dosis del esquema de vacunaci\u00f3n, deben acercarse los docentes mayores de 55 a\u00f1os, y las fuerzas de seguridad de 45 a\u00f1os en actividad con comorbilidades de acuerdo al siguiente detalle:<\/p>\n<ul>\n<li>Lunes, Mi\u00e9rcoles y Viernes deben asistir las personas cuya terminaci\u00f3n de DNI sea de 0 a 5,<\/li>\n<li>Martes yJueves terminaci\u00f3n de DNI 6 al 9.<\/li>\n<\/ul>\n<p>En cuanto a los requisitos deben llevar certificado de actividad laboral acreditado por la instituci\u00f3n y un certificado m\u00e9dico donde describa el tipo de comorbilidades que sufre:<\/p>\n<ul>\n<li>diabetes,<\/li>\n<li>obesidad,<\/li>\n<li>enfermedades cardiovasculares,<\/li>\n<li>renales y<\/li>\n<li>respiratorias cr\u00f3nicas.<\/li>\n<\/ul>\n<p><strong><span style=\"color: #ff0000;\">Al momento deben presentar<\/span><\/strong><\/p>\n<ul>\n<li>DNI<\/li>\n<li>certificado impreso que acredite que se encuentra en actividad es decir sin dispensa COVID<\/li>\n<li>certificado m\u00e9dico impreso que acredite el diagn\u00f3stico de las patolog\u00edas antes mencionadas<\/li>\n<li>deben concurrir sin ning\u00fan tipo de sintomatolog\u00eda compatible a COVID como tos, dolor de cabeza o fiebre.<\/li>\n<\/ul>\n<p>&nbsp;<\/p>\n<p>&nbsp;<\/p>\n<p>&nbsp;<\/p>\n","protected":false},"excerpt":{"rendered":"<p>De acuerdo al cronograma del Plan provincial de vacunaci\u00f3n, los docentes al igual que los miembros de las Fuerzas de<\/p>\n","protected":false},"author":3,"featured_media":35452,"comment_status":"closed","ping_status":"closed","sticky":false,"template":"","format":"standard","meta":{"_acf_changed":false,"_seopress_robots_primary_cat":"none","_seopress_titles_title":"","_seopress_titles_desc":"","_seopress_robots_index":"","colormag_page_container_layout":"default_layout","colormag_page_sidebar_layout":"default_layout","footnotes":""},"categories":[1],"tags":[],"class_list":["post-35450","post","type-post","status-publish","format-standard","has-post-thumbnail","hentry","category-destacadas"],"acf":[],"_links":{"self":[{"href":"https:\/\/vocesparalelas.com.ar\/sitio\/wp-json\/wp\/v2\/posts\/35450","targetHints":{"allow":["GET"]}}],"collection":[{"href":"https:\/\/vocesparalelas.com.ar\/sitio\/wp-json\/wp\/v2\/posts"}],"about":[{"href":"https:\/\/vocesparalelas.com.ar\/sitio\/wp-json\/wp\/v2\/types\/post"}],"author":[{"embeddable":true,"href":"https:\/\/vocesparalelas.com.ar\/sitio\/wp-json\/wp\/v2\/users\/3"}],"replies":[{"embeddable":true,"href":"https:\/\/vocesparalelas.com.ar\/sitio\/wp-json\/wp\/v2\/comments?post=35450"}],"version-history":[{"count":2,"href":"https:\/\/vocesparalelas.com.ar\/sitio\/wp-json\/wp\/v2\/posts\/35450\/revisions"}],"predecessor-version":[{"id":35454,"href":"https:\/\/vocesparalelas.com.ar\/sitio\/wp-json\/wp\/v2\/posts\/35450\/revisions\/35454"}],"wp:featuredmedia":[{"embeddable":true,"href":"https:\/\/vocesparalelas.com.ar\/sitio\/wp-json\/wp\/v2\/media\/35452"}],"wp:attachment":[{"href":"https:\/\/vocesparalelas.com.ar\/sitio\/wp-json\/wp\/v2\/media?parent=35450"}],"wp:term":[{"taxonomy":"category","embeddable":true,"href":"https:\/\/vocesparalelas.com.ar\/sitio\/wp-json\/wp\/v2\/categories?post=35450"},{"taxonomy":"post_tag","embeddable":true,"href":"https:\/\/vocesparalelas.com.ar\/sitio\/wp-json\/wp\/v2\/tags?post=35450"}],"curies":[{"name":"wp","href":"https:\/\/api.w.org\/{rel}","templated":true}]}}