{"id":35442,"date":"2021-02-24T20:51:57","date_gmt":"2021-02-24T23:51:57","guid":{"rendered":"http:\/\/vocesparalelas.com.ar\/sitio\/?p=35442"},"modified":"2021-02-24T20:51:57","modified_gmt":"2021-02-24T23:51:57","slug":"fundacion-banco-san-juan-dono-material-educativo-al-servicio-penitenciario-provincial","status":"publish","type":"post","link":"https:\/\/vocesparalelas.com.ar\/sitio\/fundacion-banco-san-juan-dono-material-educativo-al-servicio-penitenciario-provincial\/","title":{"rendered":"Fundaci\u00f3n Banco San Juan don\u00f3 material educativo al Servicio Penitenciario Provincial"},"content":{"rendered":"<p>Tras la reciente inauguraci\u00f3n del aula Espartanos en el Servicio Penitenciario Provincial, la Fundaci\u00f3n Banco San Juan realiz\u00f3 una importante donaci\u00f3n de material educativo que ser\u00e1 destinado al mencionado espacio.<\/p>\n<p>El director del Servicio Penitenciario Provincia, Dr. Javier Figuerola destac\u00f3 que \u00bb la presencia de la Fundaci\u00f3n Banco San Juan en el Penal, llegan colaborando con material educativo para que los internos, que forman parte del proyecto Espartanos, puedan realizar diversas tareas, cultivar el habito de la educaci\u00f3n y la cultura en general\u201d.<\/p>\n<p>El Director del Penal, tras resaltar la buena predisposici\u00f3n del personal del Servicio Penitenciario y de los internos para llevar adelante el proyecto, indic\u00f3 que los ejemplares ser\u00e1n destinados a impulsar y reforzar la educaci\u00f3n en el pabell\u00f3n.<\/p>\n<p>Al mismo tiempo, La secretaria ejecutiva de la Fundaci\u00f3n Banco San Juan, Prof. Laura Ad\u00e1moli, se\u00f1al\u00f3 que \u00abnosotros estamos comprometidos con la educaci\u00f3n es por eso que hacemos entrega de libros hist\u00f3ricos y material de audiovisual sobre la vida y haza\u00f1as de los pr\u00f3ceres argentinos\u201d.<\/p>\n<p>La representante de la Fundaci\u00f3n explic\u00f3 que \u00abes la primera vez que realizan una donaci\u00f3n al Servicio Penitenciario Provincial. Creemos que con nuestro aporte, aquellos que transitan este momento en el Penal, puedan guiarse y tomar como ejemplo a aquellos que hicieron una gran Argentina\u201d.<\/p>\n<p>Durante el encuentro y recorrida por el pabell\u00f3n, la\u00a0encargado de la Fundaci\u00f3n Espartanos en San Juan, Gabriel Pizarro, se\u00f1al\u00f3 que \u201cestamos en contacto permanente con los chicos, con encuentros semanales. Agradecemos a la Fundaci\u00f3n Banco San Juan por esta donaci\u00f3n ya que va a permitir que los Espartanos puedan desarrollar otras actividades distintas a la pr\u00e1ctica del rugby\u201d.<\/p>\n<p>&nbsp;<\/p>\n<p>&nbsp;<\/p>\n","protected":false},"excerpt":{"rendered":"<p>Tras la reciente inauguraci\u00f3n del aula Espartanos en el Servicio Penitenciario Provincial, la Fundaci\u00f3n Banco San Juan realiz\u00f3 una importante<\/p>\n","protected":false},"author":3,"featured_media":35444,"comment_status":"closed","ping_status":"closed","sticky":false,"template":"","format":"standard","meta":{"_acf_changed":false,"_seopress_robots_primary_cat":"none","_seopress_titles_title":"","_seopress_titles_desc":"","_seopress_robots_index":"","colormag_page_container_layout":"default_layout","colormag_page_sidebar_layout":"default_layout","footnotes":""},"categories":[1],"tags":[],"class_list":["post-35442","post","type-post","status-publish","format-standard","has-post-thumbnail","hentry","category-destacadas"],"acf":[],"_links":{"self":[{"href":"https:\/\/vocesparalelas.com.ar\/sitio\/wp-json\/wp\/v2\/posts\/35442","targetHints":{"allow":["GET"]}}],"collection":[{"href":"https:\/\/vocesparalelas.com.ar\/sitio\/wp-json\/wp\/v2\/posts"}],"about":[{"href":"https:\/\/vocesparalelas.com.ar\/sitio\/wp-json\/wp\/v2\/types\/post"}],"author":[{"embeddable":true,"href":"https:\/\/vocesparalelas.com.ar\/sitio\/wp-json\/wp\/v2\/users\/3"}],"replies":[{"embeddable":true,"href":"https:\/\/vocesparalelas.com.ar\/sitio\/wp-json\/wp\/v2\/comments?post=35442"}],"version-history":[{"count":1,"href":"https:\/\/vocesparalelas.com.ar\/sitio\/wp-json\/wp\/v2\/posts\/35442\/revisions"}],"predecessor-version":[{"id":35445,"href":"https:\/\/vocesparalelas.com.ar\/sitio\/wp-json\/wp\/v2\/posts\/35442\/revisions\/35445"}],"wp:featuredmedia":[{"embeddable":true,"href":"https:\/\/vocesparalelas.com.ar\/sitio\/wp-json\/wp\/v2\/media\/35444"}],"wp:attachment":[{"href":"https:\/\/vocesparalelas.com.ar\/sitio\/wp-json\/wp\/v2\/media?parent=35442"}],"wp:term":[{"taxonomy":"category","embeddable":true,"href":"https:\/\/vocesparalelas.com.ar\/sitio\/wp-json\/wp\/v2\/categories?post=35442"},{"taxonomy":"post_tag","embeddable":true,"href":"https:\/\/vocesparalelas.com.ar\/sitio\/wp-json\/wp\/v2\/tags?post=35442"}],"curies":[{"name":"wp","href":"https:\/\/api.w.org\/{rel}","templated":true}]}}