{"id":35436,"date":"2021-02-24T19:57:04","date_gmt":"2021-02-24T22:57:04","guid":{"rendered":"http:\/\/vocesparalelas.com.ar\/sitio\/?p=35436"},"modified":"2021-02-25T23:12:44","modified_gmt":"2021-02-26T02:12:44","slug":"preinscripciones-para-el-programa-de-emprendedores-sin-limites","status":"publish","type":"post","link":"https:\/\/vocesparalelas.com.ar\/sitio\/preinscripciones-para-el-programa-de-emprendedores-sin-limites\/","title":{"rendered":"Preinscripciones para el programa de emprendedores \u201cSin L\u00edmites\u201d"},"content":{"rendered":"<p>Con el objetivo de impulsar y fomentar los emprendimientos de San Juan, generando la inserci\u00f3n socio-laboral de las personas con discapacidad, el Ministerio de Desarrollo Humano y Promoci\u00f3n Social, a trav\u00e9s de la Direcci\u00f3n de Personas con Discapacidad, conjuntamente con la Direcci\u00f3n de Planificaci\u00f3n, Evaluaci\u00f3n y Monitoreo, abren las preinscripciones a \u201cSin L\u00edmites\u201d, el primer programa de acompa\u00f1amiento a emprendedores con discapacidad de la provincia.<\/p>\n<p>\u201cSin L\u00edmites\u201d busca implementar oportunidades en todas aquellas personas con discapacidad que quieran fortalecer su emprendimiento o tengan una idea o plan de negocio por desarrollar, un emprendimiento productivo y\/o de servicio. El mismo, busca generar ingresos a trav\u00e9s del autoempleo, ayudando a mejorar la calidad de vida de las mismas y del grupo familiar.<\/p>\n<p>Adem\u00e1s, se buscar\u00e1 fortalecer todo aquel emprendimiento que se encuentra trabajando, pero por alg\u00fan motivo dejo de funcionar y necesita de un est\u00edmulo econ\u00f3mico para su reinserci\u00f3n en el mercado.<\/p>\n<p>Los proyectos que recibir\u00e1n financiamientos son todas aquellas iniciativas art\u00edsticas en los rubros de: pintura, escultura, m\u00fasica, danza u otro tipo de forma de expresi\u00f3n que pongan en juego saberes y habilidades de las personas con discapacidad. Como tambi\u00e9n, todos aquellos proyectos innovadores que mejoren la calidad de vida de los mismos.<\/p>\n<p>El programa contempla diferentes etapas: preinscripci\u00f3n en la p\u00e1gina web <a href=\"http:\/\/www.mdhinscripciones.com.ar\/\">www.mdhinscripciones.com.ar<\/a>. Evaluaci\u00f3n y estudio de mercado. Selecci\u00f3n y aprobaci\u00f3n de proyectos a cargo del equipo Evaluador de la Direcci\u00f3n de Personas con Discapacidad.<\/p>\n<p>El subsidio que eventualmente se otorgue no ser\u00e1 reembolsable, pero si se deber\u00e1 realizar la rendici\u00f3n de cuenta de este, en un plazo que establecer\u00e1 el comit\u00e9 evaluador a partir del dep\u00f3sito o adquisici\u00f3n del producto.<\/p>\n<p>Para mayor informaci\u00f3n sobre el programa, dudas o consultas, comunicate con la Direcci\u00f3n de Personas con Discapacidad al tel\u00e9fono: 4216606, al celular 264 4777939, si sos una persona sorda, al WhatsApp 264 4112494. O enviar un correo electr\u00f3nico a: <span id=\"cloakf60d19c63cb6a6be06277b96ffe1ccf6\"><span id=\"cloak64b3df214b70b43769231d9202cac4f5\"><a href=\"mailto:mdhdiscapacidadprogramas@gmail.com\">mdhdiscapacidadprogramas@gmail.com<\/a><\/span><\/span>. Tambi\u00e9n pod\u00e9s asistir a las oficinas de Rivadavia 641 oeste, Capital.<\/p>\n<p><img loading=\"lazy\" decoding=\"async\" class=\"alignnone wp-image-35438 size-full\" src=\"https:\/\/vocesparalelas.com.ar\/sitio\/wp-content\/uploads\/2021\/02\/SIN-LIMITES.jpg\" alt=\"\" width=\"800\" height=\"800\" srcset=\"https:\/\/vocesparalelas.com.ar\/sitio\/wp-content\/uploads\/2021\/02\/SIN-LIMITES.jpg 800w, https:\/\/vocesparalelas.com.ar\/sitio\/wp-content\/uploads\/2021\/02\/SIN-LIMITES-300x300.jpg 300w, https:\/\/vocesparalelas.com.ar\/sitio\/wp-content\/uploads\/2021\/02\/SIN-LIMITES-150x150.jpg 150w, https:\/\/vocesparalelas.com.ar\/sitio\/wp-content\/uploads\/2021\/02\/SIN-LIMITES-768x768.jpg 768w\" sizes=\"auto, (max-width: 800px) 100vw, 800px\" \/><\/p>\n<p>&nbsp;<\/p>\n<p>&nbsp;<\/p>\n<p>&nbsp;<\/p>\n<p>&nbsp;<\/p>\n<p>&nbsp;<\/p>\n","protected":false},"excerpt":{"rendered":"<p>Con el objetivo de impulsar y fomentar los emprendimientos de San Juan, generando la inserci\u00f3n socio-laboral de las personas con<\/p>\n","protected":false},"author":3,"featured_media":35439,"comment_status":"closed","ping_status":"closed","sticky":false,"template":"","format":"standard","meta":{"_acf_changed":false,"_seopress_robots_primary_cat":"none","_seopress_titles_title":"","_seopress_titles_desc":"","_seopress_robots_index":"","colormag_page_container_layout":"default_layout","colormag_page_sidebar_layout":"default_layout","footnotes":""},"categories":[8],"tags":[],"class_list":["post-35436","post","type-post","status-publish","format-standard","has-post-thumbnail","hentry","category-concursos"],"acf":[],"_links":{"self":[{"href":"https:\/\/vocesparalelas.com.ar\/sitio\/wp-json\/wp\/v2\/posts\/35436","targetHints":{"allow":["GET"]}}],"collection":[{"href":"https:\/\/vocesparalelas.com.ar\/sitio\/wp-json\/wp\/v2\/posts"}],"about":[{"href":"https:\/\/vocesparalelas.com.ar\/sitio\/wp-json\/wp\/v2\/types\/post"}],"author":[{"embeddable":true,"href":"https:\/\/vocesparalelas.com.ar\/sitio\/wp-json\/wp\/v2\/users\/3"}],"replies":[{"embeddable":true,"href":"https:\/\/vocesparalelas.com.ar\/sitio\/wp-json\/wp\/v2\/comments?post=35436"}],"version-history":[{"count":1,"href":"https:\/\/vocesparalelas.com.ar\/sitio\/wp-json\/wp\/v2\/posts\/35436\/revisions"}],"predecessor-version":[{"id":35440,"href":"https:\/\/vocesparalelas.com.ar\/sitio\/wp-json\/wp\/v2\/posts\/35436\/revisions\/35440"}],"wp:featuredmedia":[{"embeddable":true,"href":"https:\/\/vocesparalelas.com.ar\/sitio\/wp-json\/wp\/v2\/media\/35439"}],"wp:attachment":[{"href":"https:\/\/vocesparalelas.com.ar\/sitio\/wp-json\/wp\/v2\/media?parent=35436"}],"wp:term":[{"taxonomy":"category","embeddable":true,"href":"https:\/\/vocesparalelas.com.ar\/sitio\/wp-json\/wp\/v2\/categories?post=35436"},{"taxonomy":"post_tag","embeddable":true,"href":"https:\/\/vocesparalelas.com.ar\/sitio\/wp-json\/wp\/v2\/tags?post=35436"}],"curies":[{"name":"wp","href":"https:\/\/api.w.org\/{rel}","templated":true}]}}