{"id":35431,"date":"2021-02-24T18:23:52","date_gmt":"2021-02-24T21:23:52","guid":{"rendered":"http:\/\/vocesparalelas.com.ar\/sitio\/?p=35431"},"modified":"2021-02-25T23:11:58","modified_gmt":"2021-02-26T02:11:58","slug":"pago-de-sueldo-de-febrero-para-los-estatales-de-san-juan","status":"publish","type":"post","link":"https:\/\/vocesparalelas.com.ar\/sitio\/pago-de-sueldo-de-febrero-para-los-estatales-de-san-juan\/","title":{"rendered":"Pago de sueldo de Febrero para los estatales de San Juan"},"content":{"rendered":"<p>El Ministerio de Hacienda y Finanzas del Gobierno de San Juan inform\u00f3 el calendario de pagos correspondiente al mes de febrero de 2021.Con el objetivo de mantener el distanciamiento social y seguir cuidando la salud de la poblaci\u00f3n de San Juan, evitando la concurrencia masiva de personas a los cajeros, los sueldos de febrero se encontrar\u00e1n disponibles en cajeros seg\u00fan el siguiente calendario:<\/p>\n<ul>\n<li>Salud y Seguridad: s\u00e1bado 27 de febrero<\/li>\n<li>Documentos terminados en 0, 1 y 2: martes 2 de marzo<\/li>\n<li>Documentos terminados en 3, 4 y 5: mi\u00e9rcoles 3 de marzo<\/li>\n<li>Documentos terminados en 6, 7, 8 y 9: jueves 4 de marzo<\/li>\n<\/ul>\n<p>Asimismo, se recuerda que los cajeros autom\u00e1ticos funcionan las 24 horas, por lo que se solicita evitar horarios y cajeros con gran afluencia de p\u00fablico, no asistir acompa\u00f1ados, usar tapabocas, mantener dos metros de distancia entre personas y desinfectar las manos luego del uso de cajeros y manipulaci\u00f3n de dinero.<\/p>\n<p>Tambi\u00e9n se solicita a la poblaci\u00f3n tener presente que est\u00e1n vigentes las extracciones con tarjeta de d\u00e9bito en los principales supermercados y estaciones de servicio de la provincia, entre otros comercios identificados con el logo de Visa &#8211; Extra cash.<\/p>\n<p>La forma m\u00e1s eficaz de luchar contra la pandemia es con la colaboraci\u00f3n y la responsabilidad de todos los sanjuaninos.<\/p>\n<p>&nbsp;<\/p>\n<p>&nbsp;<\/p>\n","protected":false},"excerpt":{"rendered":"<p>El Ministerio de Hacienda y Finanzas del Gobierno de San Juan inform\u00f3 el calendario de pagos correspondiente al mes de<\/p>\n","protected":false},"author":3,"featured_media":1245,"comment_status":"closed","ping_status":"closed","sticky":false,"template":"","format":"standard","meta":{"_acf_changed":false,"_seopress_robots_primary_cat":"none","_seopress_titles_title":"","_seopress_titles_desc":"","_seopress_robots_index":"","colormag_page_container_layout":"default_layout","colormag_page_sidebar_layout":"default_layout","footnotes":""},"categories":[6],"tags":[],"class_list":["post-35431","post","type-post","status-publish","format-standard","has-post-thumbnail","hentry","category-eventos"],"acf":[],"_links":{"self":[{"href":"https:\/\/vocesparalelas.com.ar\/sitio\/wp-json\/wp\/v2\/posts\/35431","targetHints":{"allow":["GET"]}}],"collection":[{"href":"https:\/\/vocesparalelas.com.ar\/sitio\/wp-json\/wp\/v2\/posts"}],"about":[{"href":"https:\/\/vocesparalelas.com.ar\/sitio\/wp-json\/wp\/v2\/types\/post"}],"author":[{"embeddable":true,"href":"https:\/\/vocesparalelas.com.ar\/sitio\/wp-json\/wp\/v2\/users\/3"}],"replies":[{"embeddable":true,"href":"https:\/\/vocesparalelas.com.ar\/sitio\/wp-json\/wp\/v2\/comments?post=35431"}],"version-history":[{"count":1,"href":"https:\/\/vocesparalelas.com.ar\/sitio\/wp-json\/wp\/v2\/posts\/35431\/revisions"}],"predecessor-version":[{"id":35433,"href":"https:\/\/vocesparalelas.com.ar\/sitio\/wp-json\/wp\/v2\/posts\/35431\/revisions\/35433"}],"wp:featuredmedia":[{"embeddable":true,"href":"https:\/\/vocesparalelas.com.ar\/sitio\/wp-json\/wp\/v2\/media\/1245"}],"wp:attachment":[{"href":"https:\/\/vocesparalelas.com.ar\/sitio\/wp-json\/wp\/v2\/media?parent=35431"}],"wp:term":[{"taxonomy":"category","embeddable":true,"href":"https:\/\/vocesparalelas.com.ar\/sitio\/wp-json\/wp\/v2\/categories?post=35431"},{"taxonomy":"post_tag","embeddable":true,"href":"https:\/\/vocesparalelas.com.ar\/sitio\/wp-json\/wp\/v2\/tags?post=35431"}],"curies":[{"name":"wp","href":"https:\/\/api.w.org\/{rel}","templated":true}]}}