{"id":35404,"date":"2021-02-24T00:27:03","date_gmt":"2021-02-24T03:27:03","guid":{"rendered":"http:\/\/vocesparalelas.com.ar\/sitio\/?p=35404"},"modified":"2021-02-24T11:31:36","modified_gmt":"2021-02-24T14:31:36","slug":"se-firmo-un-convenio-de-cooperacion-para-fortalecer-el-procesamiento-de-semillas-en-san-juan","status":"publish","type":"post","link":"https:\/\/vocesparalelas.com.ar\/sitio\/se-firmo-un-convenio-de-cooperacion-para-fortalecer-el-procesamiento-de-semillas-en-san-juan\/","title":{"rendered":"Se firm\u00f3 un convenio de cooperaci\u00f3n para fortalecer el procesamiento de semillas en San Juan"},"content":{"rendered":"<p>el gobernador Sergio U\u00f1ac mantuvo una reuni\u00f3n en Casa de Gobierno con el presidente el Instituto Nacional de la Semilla -INASE -, Ing. Agr. Joaqu\u00edn Serrano.<\/p>\n<p>Acompa\u00f1ando al funcionario nacional estuvieron la directora de Semillas, Ing. Agr. Silvana Babbit; el director de Oficinas Regionales, Ing. Agr. Javier Pellegrina; la jefa de la Agencia de Extensi\u00f3n Rural del Inta J\u00e1chal, Mar\u00eda Teresa Fern\u00e1ndez; el presidente de la Cooperativa productores de Huaco, Marcelo S\u00e1nchez; la responsable de la Regi\u00f3n Gran Cuyo, Emilia Cirico; el representante de Inase en San Juan, Sergio Romero Krause; y el secretario de Agricultura Ganader\u00eda y Agroindustria de San Juan, Lic. Marcelo Balderramo.<\/p>\n<p><iframe loading=\"lazy\" title=\"El gobernador U\u00f1ac firmo importante convenio de cooperaci\u00f3n con el Instituto de la Semilla\" width=\"800\" height=\"450\" src=\"https:\/\/www.youtube.com\/embed\/c_g7bWfORjc?feature=oembed\" frameborder=\"0\" allow=\"accelerometer; autoplay; clipboard-write; encrypted-media; gyroscope; picture-in-picture\" allowfullscreen><\/iframe><\/p>\n<p>&nbsp;<\/p>\n<p>El encuentro tuvo como eje principal la firma de un convenio de cooperaci\u00f3n que busca asegurar la efectiva aplicaci\u00f3n de la Ley de Semillas y creaciones fitogen\u00e9ticas N\u00ba20.247. A trav\u00e9s de este convenio se podr\u00e1 hacer la inspecci\u00f3n de instalaciones o establecimientos relacionados con el procesamiento de semillas, controlar la inscripci\u00f3n de operadores en el Registro Nacional de comercio y fiscalizaci\u00f3n de semillas, efectuar inspecciones de los cultivos, planificar, coordinar, organizar y evaluar los procesos de producci\u00f3n de semillas, proyectar pautas y procedimientos para la capacitaci\u00f3n del personal, entre otras acciones.<\/p>\n<p><img loading=\"lazy\" decoding=\"async\" class=\"alignnone wp-image-35408 size-full\" src=\"https:\/\/vocesparalelas.com.ar\/sitio\/wp-content\/uploads\/2021\/02\/SEMILLAS-03.jpg\" alt=\"\" width=\"800\" height=\"533\" srcset=\"https:\/\/vocesparalelas.com.ar\/sitio\/wp-content\/uploads\/2021\/02\/SEMILLAS-03.jpg 800w, https:\/\/vocesparalelas.com.ar\/sitio\/wp-content\/uploads\/2021\/02\/SEMILLAS-03-300x200.jpg 300w, https:\/\/vocesparalelas.com.ar\/sitio\/wp-content\/uploads\/2021\/02\/SEMILLAS-03-768x512.jpg 768w\" sizes=\"auto, (max-width: 800px) 100vw, 800px\" \/><\/p>\n<p><img loading=\"lazy\" decoding=\"async\" class=\"alignnone wp-image-35407 size-full\" src=\"https:\/\/vocesparalelas.com.ar\/sitio\/wp-content\/uploads\/2021\/02\/SEMILLAS-02.jpg\" alt=\"\" width=\"800\" height=\"533\" srcset=\"https:\/\/vocesparalelas.com.ar\/sitio\/wp-content\/uploads\/2021\/02\/SEMILLAS-02.jpg 800w, https:\/\/vocesparalelas.com.ar\/sitio\/wp-content\/uploads\/2021\/02\/SEMILLAS-02-300x200.jpg 300w, https:\/\/vocesparalelas.com.ar\/sitio\/wp-content\/uploads\/2021\/02\/SEMILLAS-02-768x512.jpg 768w\" sizes=\"auto, (max-width: 800px) 100vw, 800px\" \/><\/p>\n<p>En ese marco, se procedi\u00f3 a la entrega de un Aporte No Reembolsable &#8211; ANR &#8211; a la Cooperativa de Productores de Huaco que realiza la limpieza del comino, que cultivan en esa zona del Departamento J\u00e1chal de San Juan, en el Instituto Semillero. A trav\u00e9s de este aporte, los agricultores podr\u00e1n colocar su producci\u00f3n en el mercado santafesino.<\/p>\n<p>Finalizada la visita, el secretario de Agricultura Ganader\u00eda y Agroindustria de San Juan, Lic. Marcelo Balderramo, manifest\u00f3 que \u00abeste convenio de cooperaci\u00f3n viene a darnos un paso hacia adelante en t\u00e9rminos de ordenar algunas cuestiones que por ah\u00ed se trabajaban de manera conjunta algunas y otras de manera aislada, unificando en espacio f\u00edsico y en el trabajo en conjunto en el territorio, principalmente con la mirada puesta en la fiscalizaci\u00f3n, el registro de todas las parcelas y el acompa\u00f1amiento t\u00e9cnico y a trav\u00e9s de los institutos tecnol\u00f3gicos y semilleros\u201d.<\/p>\n<p><iframe loading=\"lazy\" title=\"ING. MARCELO BALDERRAMO\" width=\"800\" height=\"450\" src=\"https:\/\/www.youtube.com\/embed\/-mKSRtB6jdE?feature=oembed\" frameborder=\"0\" allow=\"accelerometer; autoplay; clipboard-write; encrypted-media; gyroscope; picture-in-picture\" allowfullscreen><\/iframe><\/p>\n<p>Luego, el presidente el Instituto Nacional de la Semilla -INASE -, Ing. Agr. Joaqu\u00edn Serrano destac\u00f3 que \u00abfirmamos un convenio de colaboraci\u00f3n para trabajar en materia de aporte de conocimientos, mejoramiento gen\u00e9tico y colaboraci\u00f3n para que la industria semillera siga por este camino. Nos hemos quedado muy impresionados al ver como est\u00e1 el sector semillero de la provincia, vienen trabajando muy bien. La experiencia de producci\u00f3n en semillas de la provincia son excelentes, no solo tiene repercusiones para el sector productivo de la provincia sino para todo el pa\u00eds e inclusive para el mundo ya que se exporta mucha semillas producida de San Juan\u201d.<\/p>\n<p><iframe loading=\"lazy\" title=\"ING. AGR. JOAQU\u00cdN SERRANO\" width=\"800\" height=\"450\" src=\"https:\/\/www.youtube.com\/embed\/uZ1ZpgaNoOs?feature=oembed\" frameborder=\"0\" allow=\"accelerometer; autoplay; clipboard-write; encrypted-media; gyroscope; picture-in-picture\" allowfullscreen><\/iframe><\/p>\n<p>&nbsp;<\/p>\n<p>Cabe destacar que San Juan es la \u00fanica Provincia con una Ley que regula y fiscaliza la producci\u00f3n de semillas hort\u00edcolas y varias.<\/p>\n<p><img loading=\"lazy\" decoding=\"async\" class=\"alignnone wp-image-35406 size-full\" src=\"https:\/\/vocesparalelas.com.ar\/sitio\/wp-content\/uploads\/2021\/02\/SEMILLAS-01.jpg\" alt=\"\" width=\"800\" height=\"533\" srcset=\"https:\/\/vocesparalelas.com.ar\/sitio\/wp-content\/uploads\/2021\/02\/SEMILLAS-01.jpg 800w, https:\/\/vocesparalelas.com.ar\/sitio\/wp-content\/uploads\/2021\/02\/SEMILLAS-01-300x200.jpg 300w, https:\/\/vocesparalelas.com.ar\/sitio\/wp-content\/uploads\/2021\/02\/SEMILLAS-01-768x512.jpg 768w\" sizes=\"auto, (max-width: 800px) 100vw, 800px\" \/><\/p>\n<p>&nbsp;<\/p>\n<p>&nbsp;<\/p>\n","protected":false},"excerpt":{"rendered":"<p>el gobernador Sergio U\u00f1ac mantuvo una reuni\u00f3n en Casa de Gobierno con el presidente el Instituto Nacional de la Semilla<\/p>\n","protected":false},"author":3,"featured_media":35409,"comment_status":"closed","ping_status":"closed","sticky":false,"template":"","format":"video","meta":{"_acf_changed":false,"_seopress_robots_primary_cat":"none","_seopress_titles_title":"","_seopress_titles_desc":"","_seopress_robots_index":"","colormag_page_container_layout":"default_layout","colormag_page_sidebar_layout":"default_layout","footnotes":""},"categories":[1,7],"tags":[],"class_list":["post-35404","post","type-post","status-publish","format-video","has-post-thumbnail","hentry","category-destacadas","category-videos","post_format-post-format-video"],"acf":[],"_links":{"self":[{"href":"https:\/\/vocesparalelas.com.ar\/sitio\/wp-json\/wp\/v2\/posts\/35404","targetHints":{"allow":["GET"]}}],"collection":[{"href":"https:\/\/vocesparalelas.com.ar\/sitio\/wp-json\/wp\/v2\/posts"}],"about":[{"href":"https:\/\/vocesparalelas.com.ar\/sitio\/wp-json\/wp\/v2\/types\/post"}],"author":[{"embeddable":true,"href":"https:\/\/vocesparalelas.com.ar\/sitio\/wp-json\/wp\/v2\/users\/3"}],"replies":[{"embeddable":true,"href":"https:\/\/vocesparalelas.com.ar\/sitio\/wp-json\/wp\/v2\/comments?post=35404"}],"version-history":[{"count":3,"href":"https:\/\/vocesparalelas.com.ar\/sitio\/wp-json\/wp\/v2\/posts\/35404\/revisions"}],"predecessor-version":[{"id":35422,"href":"https:\/\/vocesparalelas.com.ar\/sitio\/wp-json\/wp\/v2\/posts\/35404\/revisions\/35422"}],"wp:featuredmedia":[{"embeddable":true,"href":"https:\/\/vocesparalelas.com.ar\/sitio\/wp-json\/wp\/v2\/media\/35409"}],"wp:attachment":[{"href":"https:\/\/vocesparalelas.com.ar\/sitio\/wp-json\/wp\/v2\/media?parent=35404"}],"wp:term":[{"taxonomy":"category","embeddable":true,"href":"https:\/\/vocesparalelas.com.ar\/sitio\/wp-json\/wp\/v2\/categories?post=35404"},{"taxonomy":"post_tag","embeddable":true,"href":"https:\/\/vocesparalelas.com.ar\/sitio\/wp-json\/wp\/v2\/tags?post=35404"}],"curies":[{"name":"wp","href":"https:\/\/api.w.org\/{rel}","templated":true}]}}