{"id":35335,"date":"2021-02-22T20:12:18","date_gmt":"2021-02-22T23:12:18","guid":{"rendered":"http:\/\/vocesparalelas.com.ar\/sitio\/?p=35335"},"modified":"2021-02-24T01:01:29","modified_gmt":"2021-02-24T04:01:29","slug":"inscripcion-para-alumnos-de-educacion-especial-en-san-juan","status":"publish","type":"post","link":"https:\/\/vocesparalelas.com.ar\/sitio\/inscripcion-para-alumnos-de-educacion-especial-en-san-juan\/","title":{"rendered":"Inscripci\u00f3n para alumnos de Educaci\u00f3n Especial en San Juan"},"content":{"rendered":"<p>La Direcci\u00f3n de Educaci\u00f3n Especial del Ministerio de Educaci\u00f3n del Gobierno de San Juan informa que el 22, 23 y 24 de Febrero, los padres, tutores o responsables adultos de los aspirantes a ingresar, bajo estricto protocolo sanitario preventivo, tienen que dirigirse a la Escuela de Educaci\u00f3n Especial a la que fueron derivados por el Gabinete T\u00e9cnico Interdisciplinario de Educaci\u00f3n Especial para realizar la Inscripci\u00f3n correspondiente.<\/p>\n<p>Para la evaluaci\u00f3n del Gabinete T\u00e9cnico Interdisciplinario de Educaci\u00f3n, deber\u00e1n solicitar turno al 4307562.<\/p>\n<p>Por consultas o mayor informaci\u00f3n en horario de 8 a 13 comunicarse al tel\u00e9fono 4305797<\/p>\n","protected":false},"excerpt":{"rendered":"<p>La Direcci\u00f3n de Educaci\u00f3n Especial del Ministerio de Educaci\u00f3n del Gobierno de San Juan informa que el 22, 23 y<\/p>\n","protected":false},"author":3,"featured_media":35337,"comment_status":"closed","ping_status":"closed","sticky":false,"template":"","format":"standard","meta":{"_acf_changed":false,"_seopress_robots_primary_cat":"none","_seopress_titles_title":"","_seopress_titles_desc":"","_seopress_robots_index":"","colormag_page_container_layout":"default_layout","colormag_page_sidebar_layout":"default_layout","footnotes":""},"categories":[5],"tags":[],"class_list":["post-35335","post","type-post","status-publish","format-standard","has-post-thumbnail","hentry","category-ofrecimientos"],"acf":[],"_links":{"self":[{"href":"https:\/\/vocesparalelas.com.ar\/sitio\/wp-json\/wp\/v2\/posts\/35335","targetHints":{"allow":["GET"]}}],"collection":[{"href":"https:\/\/vocesparalelas.com.ar\/sitio\/wp-json\/wp\/v2\/posts"}],"about":[{"href":"https:\/\/vocesparalelas.com.ar\/sitio\/wp-json\/wp\/v2\/types\/post"}],"author":[{"embeddable":true,"href":"https:\/\/vocesparalelas.com.ar\/sitio\/wp-json\/wp\/v2\/users\/3"}],"replies":[{"embeddable":true,"href":"https:\/\/vocesparalelas.com.ar\/sitio\/wp-json\/wp\/v2\/comments?post=35335"}],"version-history":[{"count":1,"href":"https:\/\/vocesparalelas.com.ar\/sitio\/wp-json\/wp\/v2\/posts\/35335\/revisions"}],"predecessor-version":[{"id":35339,"href":"https:\/\/vocesparalelas.com.ar\/sitio\/wp-json\/wp\/v2\/posts\/35335\/revisions\/35339"}],"wp:featuredmedia":[{"embeddable":true,"href":"https:\/\/vocesparalelas.com.ar\/sitio\/wp-json\/wp\/v2\/media\/35337"}],"wp:attachment":[{"href":"https:\/\/vocesparalelas.com.ar\/sitio\/wp-json\/wp\/v2\/media?parent=35335"}],"wp:term":[{"taxonomy":"category","embeddable":true,"href":"https:\/\/vocesparalelas.com.ar\/sitio\/wp-json\/wp\/v2\/categories?post=35335"},{"taxonomy":"post_tag","embeddable":true,"href":"https:\/\/vocesparalelas.com.ar\/sitio\/wp-json\/wp\/v2\/tags?post=35335"}],"curies":[{"name":"wp","href":"https:\/\/api.w.org\/{rel}","templated":true}]}}