{"id":35331,"date":"2021-02-21T21:26:37","date_gmt":"2021-02-22T00:26:37","guid":{"rendered":"http:\/\/vocesparalelas.com.ar\/sitio\/?p=35331"},"modified":"2021-02-22T21:23:10","modified_gmt":"2021-02-23T00:23:10","slug":"inscripcion-de-alumnos-de-1-y-4-ano-de-secundaria-tecnica-agrotecnica-y-capacitacion-laboral","status":"publish","type":"post","link":"https:\/\/vocesparalelas.com.ar\/sitio\/inscripcion-de-alumnos-de-1-y-4-ano-de-secundaria-tecnica-agrotecnica-y-capacitacion-laboral\/","title":{"rendered":"Inscripci\u00f3n de alumnos de 1 y 4 a\u00f1o de Secundaria T\u00e9cnica, Agrot\u00e9cnica y Capacitaci\u00f3n Laboral"},"content":{"rendered":"<p>La Direcci\u00f3n de Educaci\u00f3n T\u00e9cnica, Agrot\u00e9cnica, Misiones Monot\u00e9cnicas y Capacitaci\u00f3n Laboral de gesti\u00f3n estatal del Ministerio de Educaci\u00f3n del Gobierno de San Juan, informa el cronograma de inscripciones de acuerdo al siguiente detalle:<\/p>\n<p><span style=\"color: #339966;\"><strong>Ingreso a Primer a\u00f1o<\/strong><\/span><\/p>\n<p>Del 24 de Febrero al 5 de Marzo, el padre\/madre\/tutor\/ del estudiante, debe asistir a la instituci\u00f3n educativa elegida, bajo estricto cumplimiento del protocolo Sanitario con la documentaci\u00f3n que a continuaci\u00f3n se detalla:<\/p>\n<ul>\n<li>Fotocopia del DNI del estudiante (cara y dorso)<\/li>\n<li>Certificado de trayectoria escolar<\/li>\n<li>Fotocopia del DNI de padre\/madre\/tutor (cara y dorso)<\/li>\n<\/ul>\n<p>En el transcurso del a\u00f1o se deber\u00e1 presentar documentaci\u00f3n para completar legajo.<\/p>\n<p><span style=\"color: #339966;\"><strong>Inscripci\u00f3n para 4 a\u00f1o con seleccionan especialidad<\/strong><\/span><\/p>\n<p>Del 24 de Febrero al 5 de Marzo, el padre\/madre\/tutor\/estudiante, deben asistir a la instituci\u00f3n educativa, bajo estricto cumplimiento del protocolo sanitario con la documentaci\u00f3n requerida, que a continuaci\u00f3n se detalla<\/p>\n<ul>\n<li>Fotocopia del DNI del estudiante (cara y dorso)<\/li>\n<li>Certificado de trayectoria escolar.<\/li>\n<li>Fotocopia del DNI de padre\/madre\/tutor(cara y dorso)<\/li>\n<\/ul>\n<p>En el transcurso del a\u00f1o deber\u00e1 presentar documentaci\u00f3n para completar legajo.<\/p>\n<p>Por mayor informaci\u00f3n o consultas comunicarse de 8 a 13 ha.; al 4302345<\/p>\n","protected":false},"excerpt":{"rendered":"<p>La Direcci\u00f3n de Educaci\u00f3n T\u00e9cnica, Agrot\u00e9cnica, Misiones Monot\u00e9cnicas y Capacitaci\u00f3n Laboral de gesti\u00f3n estatal del Ministerio de Educaci\u00f3n del Gobierno<\/p>\n","protected":false},"author":3,"featured_media":13455,"comment_status":"closed","ping_status":"closed","sticky":false,"template":"","format":"standard","meta":{"_acf_changed":false,"_seopress_robots_primary_cat":"none","_seopress_titles_title":"","_seopress_titles_desc":"","_seopress_robots_index":"","colormag_page_container_layout":"default_layout","colormag_page_sidebar_layout":"default_layout","footnotes":""},"categories":[2],"tags":[],"class_list":["post-35331","post","type-post","status-publish","format-standard","has-post-thumbnail","hentry","category-convocatorias"],"acf":[],"_links":{"self":[{"href":"https:\/\/vocesparalelas.com.ar\/sitio\/wp-json\/wp\/v2\/posts\/35331","targetHints":{"allow":["GET"]}}],"collection":[{"href":"https:\/\/vocesparalelas.com.ar\/sitio\/wp-json\/wp\/v2\/posts"}],"about":[{"href":"https:\/\/vocesparalelas.com.ar\/sitio\/wp-json\/wp\/v2\/types\/post"}],"author":[{"embeddable":true,"href":"https:\/\/vocesparalelas.com.ar\/sitio\/wp-json\/wp\/v2\/users\/3"}],"replies":[{"embeddable":true,"href":"https:\/\/vocesparalelas.com.ar\/sitio\/wp-json\/wp\/v2\/comments?post=35331"}],"version-history":[{"count":2,"href":"https:\/\/vocesparalelas.com.ar\/sitio\/wp-json\/wp\/v2\/posts\/35331\/revisions"}],"predecessor-version":[{"id":35345,"href":"https:\/\/vocesparalelas.com.ar\/sitio\/wp-json\/wp\/v2\/posts\/35331\/revisions\/35345"}],"wp:featuredmedia":[{"embeddable":true,"href":"https:\/\/vocesparalelas.com.ar\/sitio\/wp-json\/wp\/v2\/media\/13455"}],"wp:attachment":[{"href":"https:\/\/vocesparalelas.com.ar\/sitio\/wp-json\/wp\/v2\/media?parent=35331"}],"wp:term":[{"taxonomy":"category","embeddable":true,"href":"https:\/\/vocesparalelas.com.ar\/sitio\/wp-json\/wp\/v2\/categories?post=35331"},{"taxonomy":"post_tag","embeddable":true,"href":"https:\/\/vocesparalelas.com.ar\/sitio\/wp-json\/wp\/v2\/tags?post=35331"}],"curies":[{"name":"wp","href":"https:\/\/api.w.org\/{rel}","templated":true}]}}