{"id":35319,"date":"2021-02-20T21:35:42","date_gmt":"2021-02-21T00:35:42","guid":{"rendered":"http:\/\/vocesparalelas.com.ar\/sitio\/?p=35319"},"modified":"2021-02-24T01:00:44","modified_gmt":"2021-02-24T04:00:44","slug":"inscripcion-para-primer-grado-del-nivel-primario-en-san-juan","status":"publish","type":"post","link":"https:\/\/vocesparalelas.com.ar\/sitio\/inscripcion-para-primer-grado-del-nivel-primario-en-san-juan\/","title":{"rendered":"Inscripci\u00f3n para primer grado del Nivel Primario en San Juan"},"content":{"rendered":"<p>La Direcci\u00f3n de Nivel Primario informa que las inscripciones se realizar\u00e1n de forma presencial bajo estricto protocolo de prevenci\u00f3n sanitaria del 22 al 24 de febrero, seg\u00fan el siguiente cronograma:<\/p>\n<ul>\n<li><span style=\"color: #99cc00;\"><strong>22 de Febrero:<\/strong>\u00a0<\/span>la inscripci\u00f3n est\u00e1 dirigida a los hermanos de los estudiantes e hijos del personal de la Escuela del Nivel Primario, dejando como m\u00ednimo dos (2), o m\u00e1s vacantes por grado, seg\u00fan la realidad institucional, para el tercer d\u00eda de inscripci\u00f3n.<\/li>\n<\/ul>\n<p><span style=\"color: #99cc00;\"><strong>De existir vacantes<\/strong><\/span><\/p>\n<ul>\n<li><span style=\"color: #99cc00;\"><strong>23 de Febrero<\/strong>:<\/span> la inscripci\u00f3n est\u00e1 dirigida para los hermanos de los estudiantes e hijos del personal del Nivel Inicial de la misma instituci\u00f3n o de las Escuelas Secundarias con las que comparte predio escolar. En caso que el n\u00famero de aspirantes fuese superior al n\u00famero de vacantes existentes, se realiza un sorteo entre todos los aspirantes hasta completar las mismas.<\/li>\n<\/ul>\n<p><span style=\"color: #99cc00;\"><strong>De existir vacantes<\/strong><\/span><\/p>\n<ul>\n<li><span style=\"color: #99cc00;\">24 <strong>de Febrero<\/strong>:<\/span> la inscripci\u00f3n est\u00e1 dirigida para los estudiantes no contemplados en los d\u00edas 22 y 23 de Febrero. Estas vacantes se cubrir\u00e1n por medio de un sorteo entre los aspirantes.<\/li>\n<\/ul>\n<p>En cada una de las instancias, una vez completado el cupo de vacantes, se dar\u00e1 por finalizada la inscripci\u00f3n.<\/p>\n<p>El d\u00eda de la inscripci\u00f3n deben acudir bajo estricto protocolo sanitario preventivo.<\/p>\n<p><span style=\"color: #99cc00;\"><strong>Documentaci\u00f3n a presentar<\/strong><\/span><\/p>\n<ul>\n<li>Fotocopia del DNI del estudiante ( frente y dorso)<\/li>\n<\/ul>\n<p><span style=\"color: #99cc00;\"><strong>Requisitos a completar durante el transcurso del a\u00f1o:<\/strong><\/span><\/p>\n<ul>\n<li>Fotocopia de vacunas obligatorias.<\/li>\n<li>Fotocopia de Informe de Sala de 5, una vez emitido por la Escuela de Nivel Inicial.<\/li>\n<\/ul>\n<p><span style=\"color: #99cc00;\"><strong>Traslados por cambio de domicilio<\/strong><\/span><\/p>\n<ul>\n<li>Terminado el per\u00edodo de inscripci\u00f3n del 22 al 24, las instituciones inscribir\u00e1n a los alumnos con situaciones particulares.<\/li>\n<\/ul>\n<p><span style=\"color: #99cc00;\"><strong>Por consultas o mayor informaci\u00f3n<\/strong><\/span><\/p>\n<ul>\n<li>Comunicarse de 8 a 12 horas a 4305850\/ 4305851.<\/li>\n<\/ul>\n","protected":false},"excerpt":{"rendered":"<p>La Direcci\u00f3n de Nivel Primario informa que las inscripciones se realizar\u00e1n de forma presencial bajo estricto protocolo de prevenci\u00f3n sanitaria<\/p>\n","protected":false},"author":3,"featured_media":35321,"comment_status":"closed","ping_status":"closed","sticky":false,"template":"","format":"standard","meta":{"_acf_changed":false,"_seopress_robots_primary_cat":"none","_seopress_titles_title":"","_seopress_titles_desc":"","_seopress_robots_index":"","colormag_page_container_layout":"default_layout","colormag_page_sidebar_layout":"default_layout","footnotes":""},"categories":[5],"tags":[],"class_list":["post-35319","post","type-post","status-publish","format-standard","has-post-thumbnail","hentry","category-ofrecimientos"],"acf":[],"_links":{"self":[{"href":"https:\/\/vocesparalelas.com.ar\/sitio\/wp-json\/wp\/v2\/posts\/35319","targetHints":{"allow":["GET"]}}],"collection":[{"href":"https:\/\/vocesparalelas.com.ar\/sitio\/wp-json\/wp\/v2\/posts"}],"about":[{"href":"https:\/\/vocesparalelas.com.ar\/sitio\/wp-json\/wp\/v2\/types\/post"}],"author":[{"embeddable":true,"href":"https:\/\/vocesparalelas.com.ar\/sitio\/wp-json\/wp\/v2\/users\/3"}],"replies":[{"embeddable":true,"href":"https:\/\/vocesparalelas.com.ar\/sitio\/wp-json\/wp\/v2\/comments?post=35319"}],"version-history":[{"count":1,"href":"https:\/\/vocesparalelas.com.ar\/sitio\/wp-json\/wp\/v2\/posts\/35319\/revisions"}],"predecessor-version":[{"id":35322,"href":"https:\/\/vocesparalelas.com.ar\/sitio\/wp-json\/wp\/v2\/posts\/35319\/revisions\/35322"}],"wp:featuredmedia":[{"embeddable":true,"href":"https:\/\/vocesparalelas.com.ar\/sitio\/wp-json\/wp\/v2\/media\/35321"}],"wp:attachment":[{"href":"https:\/\/vocesparalelas.com.ar\/sitio\/wp-json\/wp\/v2\/media?parent=35319"}],"wp:term":[{"taxonomy":"category","embeddable":true,"href":"https:\/\/vocesparalelas.com.ar\/sitio\/wp-json\/wp\/v2\/categories?post=35319"},{"taxonomy":"post_tag","embeddable":true,"href":"https:\/\/vocesparalelas.com.ar\/sitio\/wp-json\/wp\/v2\/tags?post=35319"}],"curies":[{"name":"wp","href":"https:\/\/api.w.org\/{rel}","templated":true}]}}