{"id":35308,"date":"2021-02-19T22:33:43","date_gmt":"2021-02-20T01:33:43","guid":{"rendered":"http:\/\/vocesparalelas.com.ar\/sitio\/?p=35308"},"modified":"2021-02-20T22:29:15","modified_gmt":"2021-02-21T01:29:15","slug":"convocan-a-contratados-a-presentar-factura-de-febrero","status":"publish","type":"post","link":"https:\/\/vocesparalelas.com.ar\/sitio\/convocan-a-contratados-a-presentar-factura-de-febrero\/","title":{"rendered":"Convocan a contratados a presentar factura de Febrero"},"content":{"rendered":"<p>El Ministerio de Educaci\u00f3n del Gobierno de San Juan informa que las personas que poseen Contratos Administrativos de Servicios de Colaboraci\u00f3n, deben concurrir al Establecimiento Educativo donde presta funciones para presentar al Directivo la Factura Electr\u00f3nica correspondiente al mes de febrero de 2021, luego el equipo directivo, una vez conformada, debe entregarlas en el centro c\u00edvico seg\u00fan el siguiente cronograma:<\/p>\n<p>&nbsp;<\/p>\n<div class=\"embera-embed-responsive embera-embed-responsive-photo embera-embed-responsive-provider-flickr\"><a title=\"2021-02-19EDUCACION: Educaci\u00f3n convoc\u00f3 a contratados a presentar factura del mes de febrero by Gobierno de San Juan, on Flickr\" href=\"https:\/\/www.flickr.com\/photos\/gobiernodesanjuan\/50959976743\/\" data-flickr-embed=\"true\"><img decoding=\"async\" class=\"embera-embed-responsive-item embera-embed-responsive-item-photo\" src=\"https:\/\/live.staticflickr.com\/65535\/50959976743_71446bb2f0_c.jpg\" alt=\"2021-02-19EDUCACION: Educaci\u00f3n convoc\u00f3 a contratados a presentar factura del mes de febrero\" \/><\/a><\/div>\n<p>&nbsp;<\/p>\n<p><span style=\"color: #ff9900;\"><strong>Contratados con funciones administrativas<\/strong><\/span><\/p>\n<p>Tienen que presentaran la factura en la oficina de personal administrativo con el monto correspondiente a cada contrato, desde el 22 al 26 de febrero de 2021, en horario de 07:30 a 12:30.<\/p>\n<p><span style=\"color: #ff9900;\"><strong>Contratados de Zonas Alejadas<\/strong><\/span><\/p>\n<p>Las personas contratadas que viven en los departamentos de: Calingasta, Iglesia, J\u00e1chal y Valle F\u00e9rtil, deber\u00e1n entregar la factura electr\u00f3nica impresa a su director y este directivo deber\u00e1 presentarlas en la Unidad de Gesti\u00f3n correspondiente o en la Isla del Ministerio de Educaci\u00f3n en la planta baja del Centro C\u00edvico.<\/p>\n<p><strong><span style=\"color: #ff9900;\">Las facturas deben ser electr\u00f3nicas y confecciondas de acuerdo al siguiente modelo<\/span><\/strong><\/p>\n<ul>\n<li><span style=\"color: #ff9900;\"><strong>Factura de Febrero de 2021<\/strong><\/span><\/li>\n<li><span style=\"color: #ff9900;\"><strong>Fecha de emisi\u00f3n:<\/strong>\u00a0<\/span>26\/02\/2021<\/li>\n<li><span style=\"color: #ff9900;\"><strong>Per\u00edodo facturado: <\/strong><\/span>Desde el 01\/02\/2021 hasta el 28\/02\/2021.<\/li>\n<li><span style=\"color: #ff9900;\"><strong>Vencimiento:<\/strong> <\/span>31\/03\/2021<\/li>\n<li><span style=\"color: #ff9900;\"><strong>CUIT Gobierno de San Juan:<\/strong> <\/span>30-99901516-2<\/li>\n<li><span style=\"color: #ff9900;\"><strong>Condici\u00f3n frente al IVA:<\/strong><\/span> IVA SUJETO EXENTO<\/li>\n<li><span style=\"color: #ff9900;\"><strong>Condici\u00f3n de Venta:<\/strong><\/span> OTRA<\/li>\n<li><span style=\"color: #ff9900;\"><strong>Detalle:<\/strong><\/span> Pago de honorarios por Contrato Administrativo de Servicio de Colaboraci\u00f3n mes de Febrero de 2021.<\/li>\n<li><span style=\"color: #ff9900;\"><strong>Monto a facturar: <\/strong><\/span>para Porteros $16.702,00.<\/li>\n<li><span style=\"color: #ff9900;\"><strong>Conformaci\u00f3n de factura<\/strong>:<\/span> al dorso de la factura, en la parte de atr\u00e1s, debe colocar\u00a0<span style=\"line-height: 1.5;\">\u201cARTICULOS 6\u00b0 Y 11\u00ba LEY N\u00ba 793-A. CLAUSULA CUARTA DEL CONTRATO ADMINISTRATIVO DE SERVICIOS DE COLABORACION\u201d.\u00a0<\/span><span style=\"line-height: 1.5;\">SAN JUAN, 26\/02\/2021.\u00a0<\/span><span style=\"line-height: 1.5;\">Con la firma y sello del directivo}<\/span><\/li>\n<\/ul>\n<p><span style=\"line-height: 1.5;\"><span style=\"color: #ff9900;\"><strong>Presentaci\u00f3n del Seguro<\/strong><\/span> es obligatoria su presentaci\u00f3n, con la c<\/span><span style=\"line-height: 1.5;\">onstancia de pago del mes de Febrero de 2021, fotocopia legible con datos del asegurado nombre y apellido, legalizada por directivo. En caso de presentar el comprobante de pago emitido por el seguro, este debe tener fecha de febrero 2021. Sin excepci\u00f3n.<\/span><\/p>\n","protected":false},"excerpt":{"rendered":"<p>El Ministerio de Educaci\u00f3n del Gobierno de San Juan informa que las personas que poseen Contratos Administrativos de Servicios de<\/p>\n","protected":false},"author":3,"featured_media":35176,"comment_status":"closed","ping_status":"closed","sticky":false,"template":"","format":"standard","meta":{"_acf_changed":false,"_seopress_robots_primary_cat":"none","_seopress_titles_title":"","_seopress_titles_desc":"","_seopress_robots_index":"","colormag_page_container_layout":"default_layout","colormag_page_sidebar_layout":"default_layout","footnotes":""},"categories":[2],"tags":[],"class_list":["post-35308","post","type-post","status-publish","format-standard","has-post-thumbnail","hentry","category-convocatorias"],"acf":[],"_links":{"self":[{"href":"https:\/\/vocesparalelas.com.ar\/sitio\/wp-json\/wp\/v2\/posts\/35308","targetHints":{"allow":["GET"]}}],"collection":[{"href":"https:\/\/vocesparalelas.com.ar\/sitio\/wp-json\/wp\/v2\/posts"}],"about":[{"href":"https:\/\/vocesparalelas.com.ar\/sitio\/wp-json\/wp\/v2\/types\/post"}],"author":[{"embeddable":true,"href":"https:\/\/vocesparalelas.com.ar\/sitio\/wp-json\/wp\/v2\/users\/3"}],"replies":[{"embeddable":true,"href":"https:\/\/vocesparalelas.com.ar\/sitio\/wp-json\/wp\/v2\/comments?post=35308"}],"version-history":[{"count":1,"href":"https:\/\/vocesparalelas.com.ar\/sitio\/wp-json\/wp\/v2\/posts\/35308\/revisions"}],"predecessor-version":[{"id":35310,"href":"https:\/\/vocesparalelas.com.ar\/sitio\/wp-json\/wp\/v2\/posts\/35308\/revisions\/35310"}],"wp:featuredmedia":[{"embeddable":true,"href":"https:\/\/vocesparalelas.com.ar\/sitio\/wp-json\/wp\/v2\/media\/35176"}],"wp:attachment":[{"href":"https:\/\/vocesparalelas.com.ar\/sitio\/wp-json\/wp\/v2\/media?parent=35308"}],"wp:term":[{"taxonomy":"category","embeddable":true,"href":"https:\/\/vocesparalelas.com.ar\/sitio\/wp-json\/wp\/v2\/categories?post=35308"},{"taxonomy":"post_tag","embeddable":true,"href":"https:\/\/vocesparalelas.com.ar\/sitio\/wp-json\/wp\/v2\/tags?post=35308"}],"curies":[{"name":"wp","href":"https:\/\/api.w.org\/{rel}","templated":true}]}}