{"id":35292,"date":"2021-02-19T21:10:59","date_gmt":"2021-02-20T00:10:59","guid":{"rendered":"http:\/\/vocesparalelas.com.ar\/sitio\/?p=35292"},"modified":"2021-02-23T00:46:54","modified_gmt":"2021-02-23T03:46:54","slug":"realizacion-de-actos-de-cambio-de-cuerpo-de-bandera-y-egreso-en-san-juan","status":"publish","type":"post","link":"https:\/\/vocesparalelas.com.ar\/sitio\/realizacion-de-actos-de-cambio-de-cuerpo-de-bandera-y-egreso-en-san-juan\/","title":{"rendered":"Realizaci\u00f3n de actos de cambio de Cuerpo de Bandera y egreso en San Juan"},"content":{"rendered":"<p>Ante la vigencia de las resoluciones emitidas y aprobadas en el marco de la excepcionalidad de la pandemia que modific\u00f3 la fecha de la realizaci\u00f3n de los actos de cambio de los integrantes del Cuerpo de Bandera y de egreso del 2020, el Ministerio de Educaci\u00f3n del Gobierno de San Juan estableci\u00f3 que se desarrollen previo al inicio del Ciclo Lectivo 2021, de acuerdo al siguiente cronograma:<\/p>\n<p>Los actos de cambio de integrantes del Cuerpo de Bandera y egreso se desarrollan del 18 al 26 de febrero 2021, teniendo en cuenta las dimensiones del lugar y la cantidad de alumnos, realiz\u00e1ndose bajo estricto cumplimiento de los protocolos sanitarios preventivos jurisdiccional y nacional.<\/p>\n<p>La Direcci\u00f3n de las instituciones educativas informar\u00e1 por nota al Supervisor que elevar\u00e1 a la Direcci\u00f3n del \u00c1rea la fecha, lugar, horario de realizaci\u00f3n del acto y cuantas personas asistir\u00e1n.<\/p>\n<ul>\n<li>Al acto solo asistir\u00e1n los alumnos del Cuerpo de Bandera saliente y los que se incorporan y los padres o tutores.<\/li>\n<li><span style=\"line-height: 1.5;\">Al acto de egreso \u00fanicamente deben asistir los alumnos y sus padres.<\/span><\/li>\n<\/ul>\n<p><span style=\"color: #99cc00;\"><strong>En archivo adjunto Resoluci\u00f3n 0233 ME en forma completa<\/strong><\/span><\/p>\n<p><a href=\"https:\/\/vocesparalelas.com.ar\/sitio\/wp-content\/uploads\/2021\/02\/Resolucion0233ME2021.pdf\">Resolucion0233ME2021<\/a><\/p>\n","protected":false},"excerpt":{"rendered":"<p>Ante la vigencia de las resoluciones emitidas y aprobadas en el marco de la excepcionalidad de la pandemia que modific\u00f3<\/p>\n","protected":false},"author":3,"featured_media":28629,"comment_status":"closed","ping_status":"closed","sticky":false,"template":"","format":"standard","meta":{"_acf_changed":false,"_seopress_robots_primary_cat":"none","_seopress_titles_title":"","_seopress_titles_desc":"","_seopress_robots_index":"","colormag_page_container_layout":"default_layout","colormag_page_sidebar_layout":"default_layout","footnotes":""},"categories":[5],"tags":[],"class_list":["post-35292","post","type-post","status-publish","format-standard","has-post-thumbnail","hentry","category-ofrecimientos"],"acf":[],"_links":{"self":[{"href":"https:\/\/vocesparalelas.com.ar\/sitio\/wp-json\/wp\/v2\/posts\/35292","targetHints":{"allow":["GET"]}}],"collection":[{"href":"https:\/\/vocesparalelas.com.ar\/sitio\/wp-json\/wp\/v2\/posts"}],"about":[{"href":"https:\/\/vocesparalelas.com.ar\/sitio\/wp-json\/wp\/v2\/types\/post"}],"author":[{"embeddable":true,"href":"https:\/\/vocesparalelas.com.ar\/sitio\/wp-json\/wp\/v2\/users\/3"}],"replies":[{"embeddable":true,"href":"https:\/\/vocesparalelas.com.ar\/sitio\/wp-json\/wp\/v2\/comments?post=35292"}],"version-history":[{"count":3,"href":"https:\/\/vocesparalelas.com.ar\/sitio\/wp-json\/wp\/v2\/posts\/35292\/revisions"}],"predecessor-version":[{"id":35297,"href":"https:\/\/vocesparalelas.com.ar\/sitio\/wp-json\/wp\/v2\/posts\/35292\/revisions\/35297"}],"wp:featuredmedia":[{"embeddable":true,"href":"https:\/\/vocesparalelas.com.ar\/sitio\/wp-json\/wp\/v2\/media\/28629"}],"wp:attachment":[{"href":"https:\/\/vocesparalelas.com.ar\/sitio\/wp-json\/wp\/v2\/media?parent=35292"}],"wp:term":[{"taxonomy":"category","embeddable":true,"href":"https:\/\/vocesparalelas.com.ar\/sitio\/wp-json\/wp\/v2\/categories?post=35292"},{"taxonomy":"post_tag","embeddable":true,"href":"https:\/\/vocesparalelas.com.ar\/sitio\/wp-json\/wp\/v2\/tags?post=35292"}],"curies":[{"name":"wp","href":"https:\/\/api.w.org\/{rel}","templated":true}]}}