{"id":35261,"date":"2021-02-18T23:14:16","date_gmt":"2021-02-19T02:14:16","guid":{"rendered":"http:\/\/vocesparalelas.com.ar\/sitio\/?p=35261"},"modified":"2021-02-19T01:49:24","modified_gmt":"2021-02-19T04:49:24","slug":"preinscripcion-para-el-doctorado-en-filosofia","status":"publish","type":"post","link":"https:\/\/vocesparalelas.com.ar\/sitio\/preinscripcion-para-el-doctorado-en-filosofia\/","title":{"rendered":"Preinscripci\u00f3n para el \u00abDoctorado en Filosof\u00eda\u00bb"},"content":{"rendered":"<p>La Facultad de Filosof\u00eda, Humanidades y Artes de la Universidad Nacional de San Juan, informa\u00a0que se encuentra abierta la instancia de\u00a0preinscripci\u00f3n a la carrera de posgrado del Doctorado en Filosof\u00eda hasta el 15 de Marzo.<\/p>\n<p>El objetivo de la presente formaci\u00f3n es la formaci\u00f3n de un\/a\u00a0profesional con \u00f3ptimo nivel acad\u00e9mico, ligado con las condiciones contextuales de producci\u00f3n del conocimiento, que genere aportes de vanguardia en el campo de la investigaci\u00f3n cient\u00edfica a trav\u00e9s de la legitimaci\u00f3n de la diversidad y multiplicidad de enfoques filos\u00f3ficos.<\/p>\n<p><span style=\"color: #ff00ff;\"><strong>Formulario de preinscripci\u00f3n<\/strong><\/span><\/p>\n<p>Doctorado en Filosof\u00eda<\/p>\n<p><a href=\"https:\/\/docs.google.com\/forms\/d\/e\/1FAIpQLScFLnP1VX_MlxttFoKZRvWXwzTu8iO60oL-qXQ05Cxw2QpCDQ\/viewform\">https:\/\/docs.google.com\/forms\/d\/e\/1FAIpQLScFLnP1VX_MlxttFoKZRvWXwzTu8iO60oL-qXQ05Cxw2QpCDQ\/viewform<\/a><\/p>\n<p><strong><span style=\"color: #ff00ff;\">M\u00e1s informaci\u00f3n<\/span><\/strong><\/p>\n<p><strong><a href=\"http:\/\/noticiasffha.medios.com.ar\/contenido\/958\/carrera-de-posgrado-de-la-ffha-comenzo-la-pre-inscripcion-para-el-doctorado-en-f\" target=\"_blank\" rel=\"noopener noreferrer\">www.noticiasffha.medios.com.ar<\/a><\/strong><\/p>\n<p><span style=\"color: #ff00ff;\"><strong>Informes<\/strong><\/span><\/p>\n<p>Santa F\u00e9 205 Oeste. Tel: 4214513. Interno: 221<\/p>\n<p><a href=\"posgrado@ffha.unsj.edu.ar\">posgrado@ffha.unsj.edu.ar<\/a><\/p>\n<p><a href=\"doctoradofilosofiaunsj@gmail.com\">doctoradofilosofiaunsj@gmail.com<\/a><\/p>\n<p><img loading=\"lazy\" decoding=\"async\" class=\"alignnone wp-image-6323 size-large\" src=\"https:\/\/vocesparalelas.com.ar\/sitio\/wp-content\/uploads\/2017\/10\/FFHA-01-800x450.jpg\" alt=\"\" width=\"800\" height=\"450\" srcset=\"https:\/\/vocesparalelas.com.ar\/sitio\/wp-content\/uploads\/2017\/10\/FFHA-01-800x450.jpg 800w, https:\/\/vocesparalelas.com.ar\/sitio\/wp-content\/uploads\/2017\/10\/FFHA-01-300x169.jpg 300w, https:\/\/vocesparalelas.com.ar\/sitio\/wp-content\/uploads\/2017\/10\/FFHA-01-768x432.jpg 768w, https:\/\/vocesparalelas.com.ar\/sitio\/wp-content\/uploads\/2017\/10\/FFHA-01.jpg 1024w\" sizes=\"auto, (max-width: 800px) 100vw, 800px\" \/><\/p>\n","protected":false},"excerpt":{"rendered":"<p>La Facultad de Filosof\u00eda, Humanidades y Artes de la Universidad Nacional de San Juan, informa\u00a0que se encuentra abierta la instancia<\/p>\n","protected":false},"author":3,"featured_media":13825,"comment_status":"closed","ping_status":"closed","sticky":false,"template":"","format":"standard","meta":{"_acf_changed":false,"_seopress_robots_primary_cat":"none","_seopress_titles_title":"","_seopress_titles_desc":"","_seopress_robots_index":"","colormag_page_container_layout":"default_layout","colormag_page_sidebar_layout":"default_layout","footnotes":""},"categories":[15],"tags":[],"class_list":["post-35261","post","type-post","status-publish","format-standard","has-post-thumbnail","hentry","category-posgrados"],"acf":[],"_links":{"self":[{"href":"https:\/\/vocesparalelas.com.ar\/sitio\/wp-json\/wp\/v2\/posts\/35261","targetHints":{"allow":["GET"]}}],"collection":[{"href":"https:\/\/vocesparalelas.com.ar\/sitio\/wp-json\/wp\/v2\/posts"}],"about":[{"href":"https:\/\/vocesparalelas.com.ar\/sitio\/wp-json\/wp\/v2\/types\/post"}],"author":[{"embeddable":true,"href":"https:\/\/vocesparalelas.com.ar\/sitio\/wp-json\/wp\/v2\/users\/3"}],"replies":[{"embeddable":true,"href":"https:\/\/vocesparalelas.com.ar\/sitio\/wp-json\/wp\/v2\/comments?post=35261"}],"version-history":[{"count":1,"href":"https:\/\/vocesparalelas.com.ar\/sitio\/wp-json\/wp\/v2\/posts\/35261\/revisions"}],"predecessor-version":[{"id":35263,"href":"https:\/\/vocesparalelas.com.ar\/sitio\/wp-json\/wp\/v2\/posts\/35261\/revisions\/35263"}],"wp:featuredmedia":[{"embeddable":true,"href":"https:\/\/vocesparalelas.com.ar\/sitio\/wp-json\/wp\/v2\/media\/13825"}],"wp:attachment":[{"href":"https:\/\/vocesparalelas.com.ar\/sitio\/wp-json\/wp\/v2\/media?parent=35261"}],"wp:term":[{"taxonomy":"category","embeddable":true,"href":"https:\/\/vocesparalelas.com.ar\/sitio\/wp-json\/wp\/v2\/categories?post=35261"},{"taxonomy":"post_tag","embeddable":true,"href":"https:\/\/vocesparalelas.com.ar\/sitio\/wp-json\/wp\/v2\/tags?post=35261"}],"curies":[{"name":"wp","href":"https:\/\/api.w.org\/{rel}","templated":true}]}}