{"id":35251,"date":"2021-02-18T21:04:19","date_gmt":"2021-02-19T00:04:19","guid":{"rendered":"http:\/\/vocesparalelas.com.ar\/sitio\/?p=35251"},"modified":"2021-02-20T21:58:21","modified_gmt":"2021-02-21T00:58:21","slug":"el-cs-de-la-unsj-aprobo-la-presencialidad-en-examenes-consultas-y-trabajos-de-practica-de-los-alumnos","status":"publish","type":"post","link":"https:\/\/vocesparalelas.com.ar\/sitio\/el-cs-de-la-unsj-aprobo-la-presencialidad-en-examenes-consultas-y-trabajos-de-practica-de-los-alumnos\/","title":{"rendered":"El CS de la UNSJ aprob\u00f3 la presencialidad en ex\u00e1menes, consultas y trabajos de pr\u00e1ctica de los alumnos"},"content":{"rendered":"<p>En su primera sesi\u00f3n extraordinaria de 2021, el Consejo Superior de la Universidad Nacional de San Juan aprob\u00f3 el mandato para los paritarios, relativo a la presencialidad en ex\u00e1menes, consultas y trabajos de pr\u00e1ctica.<\/p>\n<p>En tal sentido, el Cuerpo aprob\u00f3 por unanimidad la realizaci\u00f3n de los ex\u00e1menes presenciales\u00a0en los turnos que restan para completar el calendario acad\u00e9mico 2020-2021, para aquellas asignaturas en que sea ineludible debido a la exigencia de presencialidad de alg\u00fan aspecto del examen. Del mismo modo, se aprob\u00f3 la presencialidad de clases de consulta que sean necesarias para esos ex\u00e1menes, lo mismo que la realizaci\u00f3n de pr\u00e1cticas\u00a0que por definici\u00f3n tienen un car\u00e1cter presencial, como experiencias de laboratorio, gabinete o de campo, para la regularizaci\u00f3n de las asignaturas cursadas en 2020.<\/p>\n<p>Ahora, este tema debe ser abordado en la discusi\u00f3n paritaria y luego volver al Consejo Superior, con el fin de emitir la ordenanza respectiva.<\/p>\n<p>En otro orden y en respuesta a un pedido de los consejeros estudiantiles, se aprob\u00f3 la transformaci\u00f3n de mesas mensuales en ordinarias y la suspensi\u00f3n de las llamadas \u201ccorrelatividades fuertes\u201d durante todo el ciclo 2021.<\/p>\n","protected":false},"excerpt":{"rendered":"<p>En su primera sesi\u00f3n extraordinaria de 2021, el Consejo Superior de la Universidad Nacional de San Juan aprob\u00f3 el mandato<\/p>\n","protected":false},"author":3,"featured_media":23399,"comment_status":"closed","ping_status":"closed","sticky":false,"template":"","format":"standard","meta":{"_acf_changed":false,"_seopress_robots_primary_cat":"none","_seopress_titles_title":"","_seopress_titles_desc":"","_seopress_robots_index":"","colormag_page_container_layout":"default_layout","colormag_page_sidebar_layout":"default_layout","footnotes":""},"categories":[5],"tags":[],"class_list":["post-35251","post","type-post","status-publish","format-standard","has-post-thumbnail","hentry","category-ofrecimientos"],"acf":[],"_links":{"self":[{"href":"https:\/\/vocesparalelas.com.ar\/sitio\/wp-json\/wp\/v2\/posts\/35251","targetHints":{"allow":["GET"]}}],"collection":[{"href":"https:\/\/vocesparalelas.com.ar\/sitio\/wp-json\/wp\/v2\/posts"}],"about":[{"href":"https:\/\/vocesparalelas.com.ar\/sitio\/wp-json\/wp\/v2\/types\/post"}],"author":[{"embeddable":true,"href":"https:\/\/vocesparalelas.com.ar\/sitio\/wp-json\/wp\/v2\/users\/3"}],"replies":[{"embeddable":true,"href":"https:\/\/vocesparalelas.com.ar\/sitio\/wp-json\/wp\/v2\/comments?post=35251"}],"version-history":[{"count":1,"href":"https:\/\/vocesparalelas.com.ar\/sitio\/wp-json\/wp\/v2\/posts\/35251\/revisions"}],"predecessor-version":[{"id":35253,"href":"https:\/\/vocesparalelas.com.ar\/sitio\/wp-json\/wp\/v2\/posts\/35251\/revisions\/35253"}],"wp:featuredmedia":[{"embeddable":true,"href":"https:\/\/vocesparalelas.com.ar\/sitio\/wp-json\/wp\/v2\/media\/23399"}],"wp:attachment":[{"href":"https:\/\/vocesparalelas.com.ar\/sitio\/wp-json\/wp\/v2\/media?parent=35251"}],"wp:term":[{"taxonomy":"category","embeddable":true,"href":"https:\/\/vocesparalelas.com.ar\/sitio\/wp-json\/wp\/v2\/categories?post=35251"},{"taxonomy":"post_tag","embeddable":true,"href":"https:\/\/vocesparalelas.com.ar\/sitio\/wp-json\/wp\/v2\/tags?post=35251"}],"curies":[{"name":"wp","href":"https:\/\/api.w.org\/{rel}","templated":true}]}}