{"id":35237,"date":"2021-02-18T18:49:09","date_gmt":"2021-02-18T21:49:09","guid":{"rendered":"http:\/\/vocesparalelas.com.ar\/sitio\/?p=35237"},"modified":"2021-02-19T22:49:02","modified_gmt":"2021-02-20T01:49:02","slug":"becas-estrategicas-manuel-belgrano","status":"publish","type":"post","link":"https:\/\/vocesparalelas.com.ar\/sitio\/becas-estrategicas-manuel-belgrano\/","title":{"rendered":"Becas Estrat\u00e9gicas \u00abManuel Belgrano\u00bb"},"content":{"rendered":"<p>Se abre la inscripci\u00f3n a las Becas Estrat\u00e9gicas Manuel Belgrano para carreras cient\u00edficas y t\u00e9cnicas 2021, otorgadas por la Secretar\u00eda de Pol\u00edticas Universitarias &#8211; SPU &#8211; del Ministerio de Educaci\u00f3n de la Naci\u00f3n. Tiene\u00a0como principal objetivo proporcionar un incentivo econ\u00f3mico en forma de beca de estudio para que j\u00f3venes provenientes de hogares de bajos ingresos realicen una carrera universitaria o una tecnicatura en una disciplina considerada estrat\u00e9gica para el desarrollo econ\u00f3mico y productivo del pa\u00eds.<\/p>\n<p>Se consideran estrat\u00e9gicas las disciplinas pertenecientes a las siguientes \u00e1reas: Alimentos, Ambiente, Computaci\u00f3n e Inform\u00e1tica, Energ\u00eda, Gas, Miner\u00eda, Movilidad y Transporte, y Petr\u00f3leo.<\/p>\n<p><span style=\"color: #ff6600;\"><strong> \u00bfQui\u00e9nes pueden postularse?<\/strong><\/span><\/p>\n<ul>\n<li>Argentinos\/as nativos\/as o naturalizados\/as con DNI.<\/li>\n<li>Estudiantes regulares de universidades nacionales y provinciales de gesti\u00f3n p\u00fablica que ingresen en el primer semestre del a\u00f1o 2021 o que est\u00e9n cursando al momento de la inscripci\u00f3n alguna de las carreras universitarias de grado o pregrado definidas por el PROGRAMA.<\/li>\n<li>Las carreras pueden consultarse en\u00a0<a href=\"https:\/\/drive.google.com\/file\/d\/1Xyh0thPRiFnLHRs8sGSTG2nobfs5-uM7\/view\">https:\/\/drive.google.com\/file\/d\/1Xyh0thPRiFnLHRs8sGSTG2nobfs5-uM7\/view<\/a><\/li>\n<li>Estudiantes ingresantes entre 18 y 30 a\u00f1os de edad y estudiantes cursantes hasta 35 a\u00f1os de edad.<\/li>\n<li>Postulantes con alguna discapacidad o de pueblos originarios sin l\u00edmites de edad.<\/li>\n<\/ul>\n<p><span style=\"color: #ff6600;\"><strong>Fechas de Inscripci\u00f3n<\/strong><\/span><\/p>\n<p>La fecha de inscripci\u00f3n se extiende desde el 12 de febrero hasta el 30 de abril de 2021.<\/p>\n<p><span style=\"color: #ff6600;\"><strong>Lugar de Inscripci\u00f3n<\/strong><\/span><\/p>\n<p>La inscripci\u00f3n puede realizarse a trav\u00e9s del sitio web del <a href=\"https:\/\/www.argentina.gob.ar\/educacion\/becas\/becas-manuel-belgrano\" target=\"_blank\" rel=\"noopener noreferrer\">PROGRAMA<\/a>.<\/p>\n<p><span style=\"color: #ff6600;\"><strong>M\u00e1s informaci\u00f3n en<\/strong><\/span><\/p>\n<p><a href=\"https:\/\/www.argentina.gob.ar\/educacion\/becas\/becas-manuel-belgrano\" target=\"_blank\" rel=\"noopener noreferrer\">www.argentina.gob.ar<\/a><\/p>\n<p>&nbsp;<\/p>\n<p>&nbsp;<\/p>\n","protected":false},"excerpt":{"rendered":"<p>Se abre la inscripci\u00f3n a las Becas Estrat\u00e9gicas Manuel Belgrano para carreras cient\u00edficas y t\u00e9cnicas 2021, otorgadas por la Secretar\u00eda<\/p>\n","protected":false},"author":3,"featured_media":35239,"comment_status":"closed","ping_status":"closed","sticky":false,"template":"","format":"standard","meta":{"_acf_changed":false,"_seopress_robots_primary_cat":"none","_seopress_titles_title":"","_seopress_titles_desc":"","_seopress_robots_index":"","colormag_page_container_layout":"default_layout","colormag_page_sidebar_layout":"default_layout","footnotes":""},"categories":[8],"tags":[],"class_list":["post-35237","post","type-post","status-publish","format-standard","has-post-thumbnail","hentry","category-concursos"],"acf":[],"_links":{"self":[{"href":"https:\/\/vocesparalelas.com.ar\/sitio\/wp-json\/wp\/v2\/posts\/35237","targetHints":{"allow":["GET"]}}],"collection":[{"href":"https:\/\/vocesparalelas.com.ar\/sitio\/wp-json\/wp\/v2\/posts"}],"about":[{"href":"https:\/\/vocesparalelas.com.ar\/sitio\/wp-json\/wp\/v2\/types\/post"}],"author":[{"embeddable":true,"href":"https:\/\/vocesparalelas.com.ar\/sitio\/wp-json\/wp\/v2\/users\/3"}],"replies":[{"embeddable":true,"href":"https:\/\/vocesparalelas.com.ar\/sitio\/wp-json\/wp\/v2\/comments?post=35237"}],"version-history":[{"count":1,"href":"https:\/\/vocesparalelas.com.ar\/sitio\/wp-json\/wp\/v2\/posts\/35237\/revisions"}],"predecessor-version":[{"id":35240,"href":"https:\/\/vocesparalelas.com.ar\/sitio\/wp-json\/wp\/v2\/posts\/35237\/revisions\/35240"}],"wp:featuredmedia":[{"embeddable":true,"href":"https:\/\/vocesparalelas.com.ar\/sitio\/wp-json\/wp\/v2\/media\/35239"}],"wp:attachment":[{"href":"https:\/\/vocesparalelas.com.ar\/sitio\/wp-json\/wp\/v2\/media?parent=35237"}],"wp:term":[{"taxonomy":"category","embeddable":true,"href":"https:\/\/vocesparalelas.com.ar\/sitio\/wp-json\/wp\/v2\/categories?post=35237"},{"taxonomy":"post_tag","embeddable":true,"href":"https:\/\/vocesparalelas.com.ar\/sitio\/wp-json\/wp\/v2\/tags?post=35237"}],"curies":[{"name":"wp","href":"https:\/\/api.w.org\/{rel}","templated":true}]}}