{"id":35232,"date":"2021-02-18T12:55:40","date_gmt":"2021-02-18T15:55:40","guid":{"rendered":"http:\/\/vocesparalelas.com.ar\/sitio\/?p=35232"},"modified":"2021-02-19T22:44:17","modified_gmt":"2021-02-20T01:44:17","slug":"cronograma-de-inscripcion-y-reubicacion-para-los-alumnos-del-nivel-inicial","status":"publish","type":"post","link":"https:\/\/vocesparalelas.com.ar\/sitio\/cronograma-de-inscripcion-y-reubicacion-para-los-alumnos-del-nivel-inicial\/","title":{"rendered":"Cronograma de inscripci\u00f3n y reubicaci\u00f3n para los alumnos del Nivel Inicial"},"content":{"rendered":"<p>La Direcci\u00f3n de Nivel Inicial informa el cronograma y modalidad para la inscripci\u00f3n de ni\u00f1os y ni\u00f1as que ingresan por primera vez al sistema educativo para cursar en Sala de 3, 4 y 5 a\u00f1os.<\/p>\n<p><span style=\"color: #ff9900;\"><strong>Procedimiento<\/strong><\/span><\/p>\n<p>La inscripci\u00f3n se realizar\u00e1 durante el mes de febrero, seg\u00fan los requisitos establecidos en las Resoluciones N\u00b0 5020 -ME -2009 y N\u00b0 4632 -ME-2016.<\/p>\n<p><strong>22\/02\/21<\/strong>: la inscripci\u00f3n es para los hermanos de los estudiantes e hijos del personal de la Escuela de Nivel Inicial (ENI), o del Nivel Inicial de la escuela, dejando como m\u00ednimo dos (2), o m\u00e1s vacantes por sala, seg\u00fan la realidad institucional, para el tercer d\u00eda de inscripci\u00f3n.<\/p>\n<p><span style=\"color: #ff9900;\"><strong>De existir vacantes<\/strong><\/span><\/p>\n<ul>\n<li><span style=\"color: #ff9900;\"><strong>23 de Febrero<\/strong>:<\/span> la inscripci\u00f3n es para los hermanos de los estudiantes e hijos del personal del Nivel Primario de la misma instituci\u00f3n o de las Escuelas Primarias con las que comparte predio escolar. En caso que el n\u00famero de aspirantes fuese superior al n\u00famero de vacantes existentes, se realizar\u00e1 un sorteo bajo estricto protocolo sanitario, entre todos los aspirantes hasta completar las mismas.<\/li>\n<\/ul>\n<p><span style=\"color: #ff9900;\"><strong>De existir vacantes<\/strong><\/span><\/p>\n<ul>\n<li><span style=\"color: #ff9900;\"><strong>24 de Febrero:<\/strong><\/span> la inscripci\u00f3n es para los ni\u00f1os\/as no contemplados en los d\u00edas 22 y 23\/02. Estas vacantes se cubrir\u00e1n por medio de un sorteo entre los aspirantes,bajo estricto protocolo sanitario. En cada una de las instancias, una vez completado el cupo de vacantes, se dar\u00e1 por finalizada la inscripci\u00f3n.<\/li>\n<\/ul>\n<p>Para la inscripci\u00f3n deben presentar fotocopia de cara y contra cara del DNI del ni\u00f1o o la ni\u00f1a.<\/p>\n<p><span style=\"color: #ff9900;\"><strong>Per\u00edodo de reubicaci\u00f3n<\/strong><\/span><\/p>\n<p>A)-Procedimiento que debe realizar cada instituci\u00f3n educativa de Educaci\u00f3n Inicial:<\/p>\n<p>Finalizado el procedimiento de inscripci\u00f3n de aspirantes que ingresan por primera vez a la Sala de 3, 4 y 5 a\u00f1os, que se realizar\u00e1 en todos los establecimientos educativos del 22 al 24 de febrero del 2021, los directivos, docentes o personal asignado el d\u00eda 24 de febrero, cargar\u00e1 en el Sistema de Inscripciones Online 2021, (que fue utilizado para la inscripci\u00f3n de los estudiantes en el mes de diciembre del 2020), la n\u00f3mina de estudiantes inscriptos en todas las secciones y posteriormente informar\u00e1 a trav\u00e9s de una planilla a cada Supervisora, la cantidad de vacantes disponibles por turno y secci\u00f3n.<\/p>\n<p>Cada Zona de Supervisi\u00f3n enviar\u00e1 a Direcci\u00f3n de \u00c1rea por correo electr\u00f3nico las planillas con el relevamiento por Departamento y Escuela informando la cantidad de vacantes disponibles para la reubicaci\u00f3n de aspirantes y estudiantes de Educaci\u00f3n Inicial.<\/p>\n<p>B)-Procedimiento a realizar por los padres, tutores o adultos responsables que no consiguieron vacante para inscribir\/matricular a sus hijos:<\/p>\n<ul>\n<li>Deben asistir el 25 y 26 de febrero de 2021<\/li>\n<li>En el horario: 8 a 12 o de 13.30 a 17:30 horas<\/li>\n<\/ul>\n<p>A las siguientes escuelas sede por departamento, donde tendr\u00e1n a disposici\u00f3n todas las vacantes de las escuelas del departamento para inscribir a los ni\u00f1os\/as aspirantes al Nivel Inicial. All\u00ed se le entregar\u00e1 una certificaci\u00f3n de Direcci\u00f3n de \u00c1rea de Educaci\u00f3n Inicial que luego tienen que presentar en la escuela donde concretar\u00e1 la inscripci\u00f3n.<\/p>\n<ul>\n<li>Deben presentar fotocopia de cara y contra cara del DNI del ni\u00f1o o ni\u00f1a a inscribir.<\/li>\n<li>El procedimiento de reubicaci\u00f3n se llevar\u00e1 a cabo respetando las medidas sanitarias bajo estricto protocolo preventivo COVID &#8211; 19, con la toma de temperatura, registro de identidad de personas, control del distanciamiento, uso de barbijo y alcohol en gel.<\/li>\n<\/ul>\n<p><span style=\"color: #ff9900;\"><strong>Traslado por cambio de domicilio<\/strong><\/span><\/p>\n<ul>\n<li>Los estudiantes que requieren traslado por cambio de domicilio, deben presentarse en las escuelas m\u00e1s cercanas al nuevo domicilio de residencia; en caso de no encontrar vacante, deben dirigirse a las escuelas sede los d\u00edas de reubicaci\u00f3n 25 y 26 de febrero<strong>.<\/strong><\/li>\n<\/ul>\n<p>Direcci\u00f3n de \u00c1rea de Educaci\u00f3n Inicial, recuerda que la Sala de 3 a\u00f1os no es obligatoria. El cursado de Jard\u00edn de Infantes de: Sala de 4 y 5 a\u00f1os es obligatorio en el Sistema Educativo Nacional.<\/p>\n<p><span style=\"color: #ff9900;\"><strong>Escuelas sede\u00a0<\/strong><\/span><\/p>\n<ul>\n<li><span style=\"color: #ff9900;\"><strong>Departamento Albard\u00f3n:<\/strong> <\/span><strong>ENI N\u00b019, <\/strong>Belgrano 1950, Villa San Mart\u00edn<\/li>\n<li><span style=\"color: #ff9900;\"><strong>Departamento Angaco<\/strong>:<\/span> ENI N\u00b0 3, Combate de San Lorenzo, V\u00aa El Salvador.<\/li>\n<li><span style=\"color: #ff9900;\"><strong>Departamento Capital:<\/strong><\/span> Escuela Normal San Mart\u00edn, Estados Unidos 500, sur<\/li>\n<li><strong><span style=\"color: #ff9900;\">Departamento Chimbas:<\/span> <\/strong>ENI N\u00b010, Gobernador Rojas 998, norte Villa Sarmiento<\/li>\n<li><span style=\"color: #ff9900;\"><strong>Departamento Calingasta:<\/strong><\/span> JINZ N\u00b0 2 Escuela La Capilla Ruta 412 Km 135 V.<\/li>\n<li><span style=\"color: #ff9900;\"><strong>Departamento Caucete: <\/strong><\/span>ENI N\u00b0 24, Calle Ignacio de La Roza s\/n<strong>.<\/strong><\/li>\n<li><span style=\"color: #ff9900;\"><strong>Departamento Iglesia:<\/strong> <\/span>ENI N\u00b0 32, Santo Domingo 4125, Rodeo.<\/li>\n<li><span style=\"color: #ff9900;\"><strong>Departamento J\u00e1chal<\/strong>:<\/span> Escuela Normal Fray Justo Santa Mar\u00eda de Oro, Rivadavia N\u00ba 854.<\/li>\n<li><span style=\"color: #ff9900;\"><strong>Departamento 9 de Julio:<\/strong> <\/span>ENI N\u00b0 66, Diagonal San Mart\u00edn entre Sarmiento y Laprida.<\/li>\n<li><span style=\"color: #ff9900;\"><strong>Departamento Pocito:<\/strong> <\/span>ENI N\u00b0 27, Alfonsina Storni s\/n, Villa Aberastain<\/li>\n<li><strong><span style=\"color: #ff9900;\">Departamento Rawson:<\/span> <\/strong>ENI N\u00b0 3, Pedro Marti y Avenida Espa\u00f1a s\/n, Barrio Belgrano<\/li>\n<li><span style=\"color: #ff9900;\"><strong>Departamento Rivadavia:<\/strong> <\/span>ENI N\u00b06, Meglioli 42 sur<\/li>\n<li><strong><span style=\"color: #ff9900;\">Departamento San Mart\u00edn:<\/span> <\/strong>ENI N\u00b0 48, Avenida Sarmiento s\/n.<\/li>\n<li><span style=\"color: #ff9900;\"><strong>Departamento Santa Luc\u00eda:<\/strong> <\/span>N7 , Hip\u00f3lito Yrigoyen 2255 este<\/li>\n<li><strong><span style=\"color: #ff9900;\">Departamento Sarmiento:<\/span> <\/strong>ENI N\u00b0 14, calle 9 de Julio s\/n. Villa Media Agua<\/li>\n<li><span style=\"color: #ff9900;\"><strong>Departamento 25 de Mayo:<\/strong> <\/span>ENI N\u00b0 57, Ruta 279 s\/n.Casuarinas.<\/li>\n<li><span style=\"color: #ff9900;\"><strong>Departamento Valle F\u00e9rtil:<\/strong> <\/span>ENI N\u00b018, Patricias Sanjuaninas s\/n. Villa San Agust\u00edn<\/li>\n<li><span style=\"color: #ff9900;\"><strong>Departamento Ullum:<\/strong><\/span> ENI N\u00b0 43, Valent\u00edn Ruiz s\/n, Villa Ib\u00e1\u00f1ez<\/li>\n<li><span style=\"color: #ff9900;\"><strong>Departamento Zonda: <\/strong><\/span>ENI N\u00b0 73, Ruta 12 KM 2424, Villa Basilio Nievas.<\/li>\n<\/ul>\n<p>Por consultas o mayor informaci\u00f3n comunicarse de 8 a 12 horas al 4305798<\/p>\n","protected":false},"excerpt":{"rendered":"<p>La Direcci\u00f3n de Nivel Inicial informa el cronograma y modalidad para la inscripci\u00f3n de ni\u00f1os y ni\u00f1as que ingresan por<\/p>\n","protected":false},"author":3,"featured_media":4872,"comment_status":"closed","ping_status":"closed","sticky":false,"template":"","format":"standard","meta":{"_acf_changed":false,"_seopress_robots_primary_cat":"none","_seopress_titles_title":"","_seopress_titles_desc":"","_seopress_robots_index":"","colormag_page_container_layout":"default_layout","colormag_page_sidebar_layout":"default_layout","footnotes":""},"categories":[5],"tags":[],"class_list":["post-35232","post","type-post","status-publish","format-standard","has-post-thumbnail","hentry","category-ofrecimientos"],"acf":[],"_links":{"self":[{"href":"https:\/\/vocesparalelas.com.ar\/sitio\/wp-json\/wp\/v2\/posts\/35232","targetHints":{"allow":["GET"]}}],"collection":[{"href":"https:\/\/vocesparalelas.com.ar\/sitio\/wp-json\/wp\/v2\/posts"}],"about":[{"href":"https:\/\/vocesparalelas.com.ar\/sitio\/wp-json\/wp\/v2\/types\/post"}],"author":[{"embeddable":true,"href":"https:\/\/vocesparalelas.com.ar\/sitio\/wp-json\/wp\/v2\/users\/3"}],"replies":[{"embeddable":true,"href":"https:\/\/vocesparalelas.com.ar\/sitio\/wp-json\/wp\/v2\/comments?post=35232"}],"version-history":[{"count":1,"href":"https:\/\/vocesparalelas.com.ar\/sitio\/wp-json\/wp\/v2\/posts\/35232\/revisions"}],"predecessor-version":[{"id":35234,"href":"https:\/\/vocesparalelas.com.ar\/sitio\/wp-json\/wp\/v2\/posts\/35232\/revisions\/35234"}],"wp:featuredmedia":[{"embeddable":true,"href":"https:\/\/vocesparalelas.com.ar\/sitio\/wp-json\/wp\/v2\/media\/4872"}],"wp:attachment":[{"href":"https:\/\/vocesparalelas.com.ar\/sitio\/wp-json\/wp\/v2\/media?parent=35232"}],"wp:term":[{"taxonomy":"category","embeddable":true,"href":"https:\/\/vocesparalelas.com.ar\/sitio\/wp-json\/wp\/v2\/categories?post=35232"},{"taxonomy":"post_tag","embeddable":true,"href":"https:\/\/vocesparalelas.com.ar\/sitio\/wp-json\/wp\/v2\/tags?post=35232"}],"curies":[{"name":"wp","href":"https:\/\/api.w.org\/{rel}","templated":true}]}}