{"id":35217,"date":"2021-02-18T00:06:51","date_gmt":"2021-02-18T03:06:51","guid":{"rendered":"http:\/\/vocesparalelas.com.ar\/sitio\/?p=35217"},"modified":"2021-02-18T23:39:21","modified_gmt":"2021-02-19T02:39:21","slug":"se-viene-el-concurso-de-proyectos-para-la-central-de-la-policia-de-san-juan","status":"publish","type":"post","link":"https:\/\/vocesparalelas.com.ar\/sitio\/se-viene-el-concurso-de-proyectos-para-la-central-de-la-policia-de-san-juan\/","title":{"rendered":"Se viene el Concurso de Proyectos para la Central de la Polic\u00eda de San Juan"},"content":{"rendered":"<p>El Mi\u00e9rcoles, 17 de Febrero, el Colegio de Arquitectos de San Juan presentaron las bases del Concurso de Proyectos para la Central de la Polic\u00eda de San Juan, en el Ministerio de Obras y Servicios P\u00fablicos<\/p>\n<p>Adem\u00e1s, se convoc\u00f3 a una reuni\u00f3n con la participaci\u00f3n de la Secretar\u00eda de Estado de la Seguridad y Orden P\u00fablico y la Direcci\u00f3n de Arquitectura del Ministerio de Obras y Servicios P\u00fablicos del Gobierno de San Juan.<\/p>\n<p>Despu\u00e9s del encuentro, Voces Paralelas entrevist\u00f3 al Presidente \u00a0del Colegio de Arquitectos de San Juan, Arq. Guillermo Fernandez manifest\u00f3 que \u00abhemos tenido el gusto y el agrado de entregar en el Ministerio de Obras y Servicios P\u00fablicos las bases para el Concurso de la Central de Polic\u00eda de San Juan. Es una obra que puede llegar a ser ic\u00f3nica para San Juan porque va a dar a una soluci\u00f3n pedida por la comunidad que forma parte de los agentes de seguridad\u00bb.<\/p>\n<p>\u00abDebemos recordar que la actual Central de Polic\u00eda de San Juan funciona desde 1952 en un edificio de una escuela. Es muy antiguo y no re\u00fane con las adecuaciones necesarias para las funciones que se llevan a cabo\u00bb.<\/p>\n<p>\u00abPor lo tanto este anteproyecto puede ser un importante \u00edcono para la provincia de San Juan teneiendo en cuenta las necesidades de los agentes de seguridad se puede modernizar su funcionamiento con la aplicaci\u00f3n de nueva tecnolog\u00eda como es el transitar de la polic\u00eda como los tr\u00e1mites que se realizan en esa instituci\u00f3n\u00bb.<\/p>\n<p>\u00abPor ello es muy interesante la confianza que tiene para nosotros el Gobierno de San Juan para llamar al concurso para que pronto nuestra comunidad de seguridad tenga un edificio adecuado a sus requerimientos y usos\u00bb.<\/p>\n<p>Voces Paralelas sugiere que se escuche el Video a pesar que en algunos trayectos tiene problemas de audio pero est\u00e1 lo fundamental.<\/p>\n<p><iframe loading=\"lazy\" title=\"CASJ ARQ. GUILLERMO FERN\u00c1NDEZ\" width=\"800\" height=\"450\" src=\"https:\/\/www.youtube.com\/embed\/EgpCpUkfvnY?feature=oembed\" frameborder=\"0\" allow=\"accelerometer; autoplay; clipboard-write; encrypted-media; gyroscope; picture-in-picture\" allowfullscreen><\/iframe><\/p>\n<p>&nbsp;<\/p>\n<figure id=\"attachment_35220\" aria-describedby=\"caption-attachment-35220\" style=\"width: 800px\" class=\"wp-caption alignnone\"><img loading=\"lazy\" decoding=\"async\" class=\"wp-image-35220 size-full\" src=\"https:\/\/vocesparalelas.com.ar\/sitio\/wp-content\/uploads\/2021\/02\/CASL-GUILLERMO-01.jpg\" alt=\"\" width=\"800\" height=\"533\" srcset=\"https:\/\/vocesparalelas.com.ar\/sitio\/wp-content\/uploads\/2021\/02\/CASL-GUILLERMO-01.jpg 800w, https:\/\/vocesparalelas.com.ar\/sitio\/wp-content\/uploads\/2021\/02\/CASL-GUILLERMO-01-300x200.jpg 300w, https:\/\/vocesparalelas.com.ar\/sitio\/wp-content\/uploads\/2021\/02\/CASL-GUILLERMO-01-768x512.jpg 768w\" sizes=\"auto, (max-width: 800px) 100vw, 800px\" \/><figcaption id=\"caption-attachment-35220\" class=\"wp-caption-text\">Presidente \u00a0del Colegio de Arquitectos de San Juan, Arq. Guillermo Fernandez<\/figcaption><\/figure>\n<p>&nbsp;<\/p>\n","protected":false},"excerpt":{"rendered":"<p>El Mi\u00e9rcoles, 17 de Febrero, el Colegio de Arquitectos de San Juan presentaron las bases del Concurso de Proyectos para<\/p>\n","protected":false},"author":3,"featured_media":35219,"comment_status":"closed","ping_status":"closed","sticky":false,"template":"","format":"video","meta":{"_acf_changed":false,"_seopress_robots_primary_cat":"none","_seopress_titles_title":"","_seopress_titles_desc":"","_seopress_robots_index":"","colormag_page_container_layout":"default_layout","colormag_page_sidebar_layout":"default_layout","footnotes":""},"categories":[8,7],"tags":[],"class_list":["post-35217","post","type-post","status-publish","format-video","has-post-thumbnail","hentry","category-concursos","category-videos","post_format-post-format-video"],"acf":[],"_links":{"self":[{"href":"https:\/\/vocesparalelas.com.ar\/sitio\/wp-json\/wp\/v2\/posts\/35217","targetHints":{"allow":["GET"]}}],"collection":[{"href":"https:\/\/vocesparalelas.com.ar\/sitio\/wp-json\/wp\/v2\/posts"}],"about":[{"href":"https:\/\/vocesparalelas.com.ar\/sitio\/wp-json\/wp\/v2\/types\/post"}],"author":[{"embeddable":true,"href":"https:\/\/vocesparalelas.com.ar\/sitio\/wp-json\/wp\/v2\/users\/3"}],"replies":[{"embeddable":true,"href":"https:\/\/vocesparalelas.com.ar\/sitio\/wp-json\/wp\/v2\/comments?post=35217"}],"version-history":[{"count":1,"href":"https:\/\/vocesparalelas.com.ar\/sitio\/wp-json\/wp\/v2\/posts\/35217\/revisions"}],"predecessor-version":[{"id":35221,"href":"https:\/\/vocesparalelas.com.ar\/sitio\/wp-json\/wp\/v2\/posts\/35217\/revisions\/35221"}],"wp:featuredmedia":[{"embeddable":true,"href":"https:\/\/vocesparalelas.com.ar\/sitio\/wp-json\/wp\/v2\/media\/35219"}],"wp:attachment":[{"href":"https:\/\/vocesparalelas.com.ar\/sitio\/wp-json\/wp\/v2\/media?parent=35217"}],"wp:term":[{"taxonomy":"category","embeddable":true,"href":"https:\/\/vocesparalelas.com.ar\/sitio\/wp-json\/wp\/v2\/categories?post=35217"},{"taxonomy":"post_tag","embeddable":true,"href":"https:\/\/vocesparalelas.com.ar\/sitio\/wp-json\/wp\/v2\/tags?post=35217"}],"curies":[{"name":"wp","href":"https:\/\/api.w.org\/{rel}","templated":true}]}}