{"id":35193,"date":"2021-02-14T20:20:13","date_gmt":"2021-02-14T23:20:13","guid":{"rendered":"http:\/\/vocesparalelas.com.ar\/sitio\/?p=35193"},"modified":"2021-02-18T22:23:05","modified_gmt":"2021-02-19T01:23:05","slug":"cronograma-de-entrega-de-carnets-y-listados-de-cargos-directivos-2021-en-san-juan","status":"publish","type":"post","link":"https:\/\/vocesparalelas.com.ar\/sitio\/cronograma-de-entrega-de-carnets-y-listados-de-cargos-directivos-2021-en-san-juan\/","title":{"rendered":"Cronograma de entrega de Carnets y Listados de Cargos Directivos 2021 en San Juan"},"content":{"rendered":"<p>La Junta de Clasificaci\u00f3n Docente Rama Media y Superior del Ministerio de Educaci\u00f3n del Gobierno de San Juan informa el cronograma para entrega de carnets y listados de Cargos Directivos 2021 a partir a partir del Mi\u00e9rcoles, 17 de Febrero.<\/p>\n<p>Se advierte que el calendario queda sujeto a posibles variaciones o podr\u00e1 quedar sin efecto de acuerdo a la normativa nacional y provincial ante la pandemia COVID-19.<\/p>\n<p><span style=\"color: #33cccc;\"><strong>Cronograma\u00a0<\/strong><\/span><\/p>\n<ul>\n<li>Entrega de Carnets y Notificaci\u00f3n de Listado Provisorio para Cargos de Ascenso: 17 de febrero 2021<\/li>\n<li>Per\u00edodo de Apelaciones: 17 de febrero al 3 de marzo 2021, son diez d\u00edas h\u00e1biles seg\u00fan Resoluci\u00f3n 1848-ME-2014.<\/li>\n<li>Inscripci\u00f3n Complementaria de marzo para el Ciclo Lectivo 2021: desde 1 al 31 de marzo 2021<\/li>\n<li>Entrega de carnets correspondientes a la Inscripci\u00f3n Complementaria de marzo: el 6 de abril de 2021.<\/li>\n<li>Periodo de Apelaciones correspondientes a las Inscripciones Complementarias de Marzo 2021: desde el 6 d al 19 de abril de 2021, son diez d\u00edas h\u00e1biles seg\u00fan Resoluci\u00f3n 1848-ME-2014<\/li>\n<li>Entrega de Listado Definitivo para Cargos de Ascenso: 20 de abril de 2021<\/li>\n<\/ul>\n<p><span style=\"color: #33cccc;\"><strong>Requisitos de Inscripci\u00f3n Complementaria Marzo 2021<\/strong><\/span><\/p>\n<p><span style=\"color: #33cccc;\"><strong>1) Inscripci\u00f3n por primera vez:<\/strong><\/span><\/p>\n<ol>\n<li>a) Carpeta de cartulina, tama\u00f1o oficio con espiral.<\/li>\n<li>b) Fotocopia legalizada del DNI, cara y contracara.<\/li>\n<li>c) Fotocopia legalizada de t\u00edtulos registrados o certificado provisorio de t\u00edtulos en tr\u00e1mite (original o fotocopia legalizada de la instituci\u00f3n que lo emiti\u00f3).<\/li>\n<\/ol>\n<p><span style=\"color: #33cccc;\"><strong>2) Para docentes con carpeta en Junta:<\/strong><\/span><\/p>\n<ol>\n<li>a) Fotocopia legalizada de DNI, cara y contracara (en el caso de cambio de datos).<\/li>\n<li>b) Fotocopia legalizada del t\u00edtulo registrado o certificado provisorio del t\u00edtulo en tr\u00e1mite (original o fotocopia legalizada de la instituci\u00f3n que lo emiti\u00f3).<\/li>\n<\/ol>\n<p><span style=\"color: #33cccc;\"><strong>Modalidad de Inscripci\u00f3n Complementaria Marzo 2021<\/strong><\/span><\/p>\n<ul>\n<li>La Inscripci\u00f3n Complementaria de Marzo 2021 es sin turno previo. El docente deber\u00e1 entregar en horario de 8 a 12 y 13:30 a 17:30 horas, en la sede la Junta ubicada en calle Laprida 372 este, en sobre papel madera tama\u00f1o oficio, cerrado, la siguiente documentaci\u00f3n:<\/li>\n<\/ul>\n<p>1) Formulario de inscripci\u00f3n, deben descargar e imprimir de la p\u00e1gina: <a href=\"http:\/\/educaci\u00f3n.sanjuan.edu.ar\">http:\/\/educaci\u00f3n.sanjuan.edu.ar<\/a><\/p>\n<p>Es obligatoria su presentaci\u00f3n, debe estar completo con todos los datos requeridos y firmado.<\/p>\n<p>2) Copia legalizada de los t\u00edtulos registrados que anexa.<\/p>\n<ul>\n<li>En el exterior del sobre papel madera, los docentes tienen que consignar los siguientes datos : apellido y nombre, DNI, la cantidad de folios agregados, inclusive el formulario, un n\u00famero de tel\u00e9fono de contacto y email. El sobre debe entregarse cerrado<\/li>\n<li>Con la documentaci\u00f3n presentada por los docentes, se realizar\u00e1 la inscripci\u00f3n sin la presencia de los postulantes, en trabajo interno de la Junta<\/li>\n<\/ul>\n<p><span style=\"color: #33cccc;\"><strong>Informaci\u00f3n \u00fatil para el docente<\/strong><\/span><\/p>\n<p>Respetar d\u00edas y horarios de atenci\u00f3n al p\u00fablico cuando concurra al local de Junta en calle Laprida 372 este. El horario de atenci\u00f3n es de 8 a 12 y 13:30 a 17:30 horas.<\/p>\n<p>En caso de no poder presentarse, enviar a un tercero responsable con DNI. Deben asistir respetando estrictamente el protocolo sanitario, cumpliendo con el distanciamiento f\u00edsico y llevar barbijo.<\/p>\n<p>Por consultas o mayor informaci\u00f3n comunicarse al 430-2202 o al correo electr\u00f3nico<\/p>\n<p><span id=\"cloak0b8295a8bfcd34d5aa40c0dc4180a07b\"><a href=\"mailto:consultas_ramamediaysuperior@me.sanjuan.edu.ar\">consultas_ramamediaysuperior@me.sanjuan.edu.ar<\/a><\/span><\/p>\n","protected":false},"excerpt":{"rendered":"<p>La Junta de Clasificaci\u00f3n Docente Rama Media y Superior del Ministerio de Educaci\u00f3n del Gobierno de San Juan informa el<\/p>\n","protected":false},"author":3,"featured_media":28823,"comment_status":"closed","ping_status":"closed","sticky":false,"template":"","format":"standard","meta":{"_acf_changed":false,"_seopress_robots_primary_cat":"none","_seopress_titles_title":"","_seopress_titles_desc":"","_seopress_robots_index":"","colormag_page_container_layout":"default_layout","colormag_page_sidebar_layout":"default_layout","footnotes":""},"categories":[2],"tags":[],"class_list":["post-35193","post","type-post","status-publish","format-standard","has-post-thumbnail","hentry","category-convocatorias"],"acf":[],"_links":{"self":[{"href":"https:\/\/vocesparalelas.com.ar\/sitio\/wp-json\/wp\/v2\/posts\/35193","targetHints":{"allow":["GET"]}}],"collection":[{"href":"https:\/\/vocesparalelas.com.ar\/sitio\/wp-json\/wp\/v2\/posts"}],"about":[{"href":"https:\/\/vocesparalelas.com.ar\/sitio\/wp-json\/wp\/v2\/types\/post"}],"author":[{"embeddable":true,"href":"https:\/\/vocesparalelas.com.ar\/sitio\/wp-json\/wp\/v2\/users\/3"}],"replies":[{"embeddable":true,"href":"https:\/\/vocesparalelas.com.ar\/sitio\/wp-json\/wp\/v2\/comments?post=35193"}],"version-history":[{"count":1,"href":"https:\/\/vocesparalelas.com.ar\/sitio\/wp-json\/wp\/v2\/posts\/35193\/revisions"}],"predecessor-version":[{"id":35195,"href":"https:\/\/vocesparalelas.com.ar\/sitio\/wp-json\/wp\/v2\/posts\/35193\/revisions\/35195"}],"wp:featuredmedia":[{"embeddable":true,"href":"https:\/\/vocesparalelas.com.ar\/sitio\/wp-json\/wp\/v2\/media\/28823"}],"wp:attachment":[{"href":"https:\/\/vocesparalelas.com.ar\/sitio\/wp-json\/wp\/v2\/media?parent=35193"}],"wp:term":[{"taxonomy":"category","embeddable":true,"href":"https:\/\/vocesparalelas.com.ar\/sitio\/wp-json\/wp\/v2\/categories?post=35193"},{"taxonomy":"post_tag","embeddable":true,"href":"https:\/\/vocesparalelas.com.ar\/sitio\/wp-json\/wp\/v2\/tags?post=35193"}],"curies":[{"name":"wp","href":"https:\/\/api.w.org\/{rel}","templated":true}]}}