{"id":35187,"date":"2021-02-13T18:17:32","date_gmt":"2021-02-13T21:17:32","guid":{"rendered":"http:\/\/vocesparalelas.com.ar\/sitio\/?p=35187"},"modified":"2021-02-13T23:17:53","modified_gmt":"2021-02-14T02:17:53","slug":"la-escuelas-tecnicas-y-agrotecnicas-aplican-el-fortalecimiento-educativo-presencial","status":"publish","type":"post","link":"https:\/\/vocesparalelas.com.ar\/sitio\/la-escuelas-tecnicas-y-agrotecnicas-aplican-el-fortalecimiento-educativo-presencial\/","title":{"rendered":"La Escuelas T\u00e9cnicas y Agrot\u00e9cnicas aplican el Fortalecimiento Educativo presencial"},"content":{"rendered":"<p>El S\u00e1bado, 13 de Febrero, a las 7.30 horas se abrieron las Escuelas Sedes asignadas al desarrollo del Fortalecimiento Educativo presencial para los alumnos de s\u00e9ptimo a\u00f1o que asisten a escuelas t\u00e9cnicas y agrot\u00e9cnicas en departamentos alejados.<\/p>\n<p>Bajo estricto protocolo, respetando la se\u00f1al\u00e9tica, los estudiantes ingresaron a los establecimientos educativos. El personal de Seguridad les tomo la temperatura, posteriormente se les entreg\u00f3 el kit de higiene con alcohol en gel, una toalla, jab\u00f3n l\u00edquido y un barbijo. Respetando el orden de circulaci\u00f3n interna se trasladaron a los cursos, donde los bancos estaban ubicados con el distanciamiento establecido por protocolo.<\/p>\n<p>Las aulas permanecieron con ventanas y puertas abiertas para su ventilaci\u00f3n. Adem\u00e1s fueron sanitizadas en el per\u00edodo indicado, al igual que los sanitarios y el patio de recreo.<\/p>\n<p>Hay 25 tutores a cargo del Fortalecimiento Educativo presencial.<\/p>\n<p>Las Escuelas Sedes para tutor\u00edas presenciales est\u00e1n ubicadas en los departamentos de J\u00e1chal, Sarmiento, Iglesia, Valle F\u00e9rtil y Calingasta, son las siguientes:<\/p>\n<ul>\n<li>Agroindustrial Videla Cuello<\/li>\n<li>Agrot\u00e9cnica Cornelio Saavedra<\/li>\n<li>Agrot\u00e9cnica Manuel Belgrano<\/li>\n<li>Agrot\u00e9cnica Huaco<\/li>\n<li>Agrot\u00e9cnica Sarmiento<\/li>\n<li>Agrot\u00e9cnica Ej\u00e9rcito Argentino<\/li>\n<li>Esc. T\u00e9cnica Manuel Savio<\/li>\n<li>EPET N\u00b0 1 de J\u00e1chal<\/li>\n<\/ul>\n<p>Recordamos que los alumnos de los 14 departamentos restantes tienen modalidad No Presencial a trav\u00e9s de correo electr\u00f3nico.<\/p>\n<p><strong><span style=\"color: #ff9900;\">Apoyo y Acompa\u00f1amiento de los procesos de aprendizaje<\/span><\/strong><\/p>\n<p>El programa \u201cApoyo y Acompa\u00f1amiento de los procesos de aprendizaje\u201d est\u00e1 financiado por el Instituto Nacional de Educaci\u00f3n Tecnol\u00f3gica (INET) y se desarrolla con educadores locales.<\/p>\n<p>Ante dudas o por mayor informaci\u00f3n comunicarse al 4305816, email: <span id=\"cloake28175a68482c3ed8b54d87936f8a2a4\"><a href=\"mailto:tutoriasecundariatecnica@gmail.com\">tutoriasecundariatecnica@gmail.com<\/a><\/span><\/p>\n<p>&nbsp;<\/p>\n<p>&nbsp;<\/p>\n","protected":false},"excerpt":{"rendered":"<p>El S\u00e1bado, 13 de Febrero, a las 7.30 horas se abrieron las Escuelas Sedes asignadas al desarrollo del Fortalecimiento Educativo<\/p>\n","protected":false},"author":3,"featured_media":35189,"comment_status":"closed","ping_status":"closed","sticky":false,"template":"","format":"standard","meta":{"_acf_changed":false,"_seopress_robots_primary_cat":"none","_seopress_titles_title":"","_seopress_titles_desc":"","_seopress_robots_index":"","colormag_page_container_layout":"default_layout","colormag_page_sidebar_layout":"default_layout","footnotes":""},"categories":[1],"tags":[],"class_list":["post-35187","post","type-post","status-publish","format-standard","has-post-thumbnail","hentry","category-destacadas"],"acf":[],"_links":{"self":[{"href":"https:\/\/vocesparalelas.com.ar\/sitio\/wp-json\/wp\/v2\/posts\/35187","targetHints":{"allow":["GET"]}}],"collection":[{"href":"https:\/\/vocesparalelas.com.ar\/sitio\/wp-json\/wp\/v2\/posts"}],"about":[{"href":"https:\/\/vocesparalelas.com.ar\/sitio\/wp-json\/wp\/v2\/types\/post"}],"author":[{"embeddable":true,"href":"https:\/\/vocesparalelas.com.ar\/sitio\/wp-json\/wp\/v2\/users\/3"}],"replies":[{"embeddable":true,"href":"https:\/\/vocesparalelas.com.ar\/sitio\/wp-json\/wp\/v2\/comments?post=35187"}],"version-history":[{"count":1,"href":"https:\/\/vocesparalelas.com.ar\/sitio\/wp-json\/wp\/v2\/posts\/35187\/revisions"}],"predecessor-version":[{"id":35190,"href":"https:\/\/vocesparalelas.com.ar\/sitio\/wp-json\/wp\/v2\/posts\/35187\/revisions\/35190"}],"wp:featuredmedia":[{"embeddable":true,"href":"https:\/\/vocesparalelas.com.ar\/sitio\/wp-json\/wp\/v2\/media\/35189"}],"wp:attachment":[{"href":"https:\/\/vocesparalelas.com.ar\/sitio\/wp-json\/wp\/v2\/media?parent=35187"}],"wp:term":[{"taxonomy":"category","embeddable":true,"href":"https:\/\/vocesparalelas.com.ar\/sitio\/wp-json\/wp\/v2\/categories?post=35187"},{"taxonomy":"post_tag","embeddable":true,"href":"https:\/\/vocesparalelas.com.ar\/sitio\/wp-json\/wp\/v2\/tags?post=35187"}],"curies":[{"name":"wp","href":"https:\/\/api.w.org\/{rel}","templated":true}]}}