{"id":35170,"date":"2021-02-13T00:29:20","date_gmt":"2021-02-13T03:29:20","guid":{"rendered":"http:\/\/vocesparalelas.com.ar\/sitio\/?p=35170"},"modified":"2021-02-15T20:23:54","modified_gmt":"2021-02-15T23:23:54","slug":"inscripciones-para-los-alumnos-que-necesiten-becas-de-transporte","status":"publish","type":"post","link":"https:\/\/vocesparalelas.com.ar\/sitio\/inscripciones-para-los-alumnos-que-necesiten-becas-de-transporte\/","title":{"rendered":"Inscripciones para los alumnos que necesiten becas de transporte"},"content":{"rendered":"<p>El Gobierno de San Juan contin\u00faa generando herramientas de inclusi\u00f3n e igualdad de oportunidades para los estudiantes con las becas de transporte, una ayuda que permite continuar con los estudios.<\/p>\n<p>En ese sentido, el Ministerio de Desarrollo Humano y Promoci\u00f3n Social, a trav\u00e9s de la Direcci\u00f3n de las Juventudes dependiente de la Subsecretaria de Promoci\u00f3n Protecci\u00f3n y Desarrollo Social, pone a disposici\u00f3n a j\u00f3venes de entre 16 a 30 a\u00f1os, un total de 8.000 becas de transporte.<\/p>\n<p>Cada beca consta de un total de 42 boletos mensuales, los cuales son acreditados de manera gratuita en la tarjeta SUBE a cada beneficiario, garantizando que pueda cumplir con la asistencia a su respectivo establecimiento educativo.<\/p>\n<p>Este a\u00f1o y conforme la actual situaci\u00f3n sanitaria, la inscripci\u00f3n es de manera virtual desde el 17 al 26 de Febrero a trav\u00e9s de la p\u00e1gina<\/p>\n<p><a href=\"https:\/\/www.somosjuventudes.com.ar\/juventudes\/index\">www.somosjuventudes.com.ar<\/a><a href=\"https:\/\/www.somosjuventudes.com.ar\/juventudes\/index\">.<\/a><\/p>\n<p><span style=\"color: #ffcc00;\"><strong>Requisitos<\/strong><\/span><\/p>\n<p>Quienes se encuentren interesados en obtener una beca de transporte, adem\u00e1s de realizar su correspondiente inscripci\u00f3n en el sitio web de la direcci\u00f3n, deben cumplir con los siguientes requisitos:<\/p>\n<ul>\n<li>Edad: de 16 a 30 a\u00f1os<\/li>\n<li>Certificado de Escolaridad<\/li>\n<li>Certificaci\u00f3n Negativa de ANSES para mayores de 18 a\u00f1os<\/li>\n<li>Copia recibo de sueldo (en caso de tener)<\/li>\n<li>CUIL<\/li>\n<li>Tarjeta Sube Registrada a nombre del interesado o interesada<\/li>\n<\/ul>\n<p>Al respecto, el ministro de Desarrollo Humano y Promoci\u00f3n Social, Fabi\u00e1n Aballay expres\u00f3 que \u00abla implementaci\u00f3n de esta herramienta que pone a disposici\u00f3n el Gobierno de San Juan genera una inversi\u00f3n importante y que tiene que ver con abrir una gran posibilidad y el derecho de los j\u00f3venes para que puedan estudiar, una inversi\u00f3n que a\u00f1o tras a\u00f1o se est\u00e1 ampliando. 8000 estudiantes van a tener acceso y que van a tener esta gran posibilidad, de trasladarse a partir de la acreditaci\u00f3n de estos 42 boletos que van a ir justamente a la tarjeta SUBE\u201d.<\/p>\n<p>Por su parte el subsecretario de Promoci\u00f3n, Protecci\u00f3n y Desarrollo Social, Marcos Andino dijo al respecto que \u201cprevio a comenzar el ciclo lectivo, el Ministerio de Desarrollo Humano pone a disposici\u00f3n este Programa que tiene como objetivo acompa\u00f1ar a todos los estudiantes de la Provincia. Contemplar los j\u00f3venes estudiantes de 15 a 30 a\u00f1os de todos los departamentos, es una gran satisfacci\u00f3n, ya que trabajaremos tambi\u00e9n con cada uno de los municipios\u201d.<\/p>\n<p>Asimismo, el director de la Direcci\u00f3n de las Juventudes, Emiliano Paradiso coment\u00f3 que \u201ceste a\u00f1o estamos poniendo una vez m\u00e1s en funcionamiento un derecho adquirido por la Provincia de San Juan, y es este beneficio que llega a todos los j\u00f3venes estudiantes tanto del sector secundario como universitario y terciario. Vamos a trabajar a trav\u00e9s de metodolog\u00edas diferentes como plataformas digitales, y lo haremos a trav\u00e9s de nuestra p\u00e1gina web que el a\u00f1o pasado pusimos en funcionamiento donde tiene no solamente este tipo de programas de becas sino otro tipo de programas o beneficios ingresando a\u00a0<a href=\"https:\/\/www.somosjuventudes.com.ar\/juventudes\/index\">www.somosjuventudes.com.ar<\/a><a href=\"https:\/\/www.somosjuventudes.com.ar\/juventudes\/index\">.<\/a>\u201d<\/p>\n<p>\u201cAdem\u00e1s, vamos a trabajar articulados con todos los departamentos, con el Consejo Provincial de Juventud cosa que aquel joven que por un motivo no puede acceder a una p\u00e1gina web se acerque hasta la Direcci\u00f3n de Juventud de cada municipio, inscribi\u00e9ndose y a partir de ah\u00ed nosotros vamos a estar poniendo en funcionamiento las becas de transporte para que los j\u00f3venes puedan tener el derecho a educarse\u201d, agreg\u00f3 Paradiso<\/p>\n<p>&nbsp;<\/p>\n<p>&nbsp;<\/p>\n<p>&nbsp;<\/p>\n<p>&nbsp;<\/p>\n","protected":false},"excerpt":{"rendered":"<p>El Gobierno de San Juan contin\u00faa generando herramientas de inclusi\u00f3n e igualdad de oportunidades para los estudiantes con las becas<\/p>\n","protected":false},"author":3,"featured_media":35172,"comment_status":"closed","ping_status":"closed","sticky":false,"template":"","format":"standard","meta":{"_acf_changed":false,"_seopress_robots_primary_cat":"none","_seopress_titles_title":"","_seopress_titles_desc":"","_seopress_robots_index":"","colormag_page_container_layout":"default_layout","colormag_page_sidebar_layout":"default_layout","footnotes":""},"categories":[2],"tags":[],"class_list":["post-35170","post","type-post","status-publish","format-standard","has-post-thumbnail","hentry","category-convocatorias"],"acf":[],"_links":{"self":[{"href":"https:\/\/vocesparalelas.com.ar\/sitio\/wp-json\/wp\/v2\/posts\/35170","targetHints":{"allow":["GET"]}}],"collection":[{"href":"https:\/\/vocesparalelas.com.ar\/sitio\/wp-json\/wp\/v2\/posts"}],"about":[{"href":"https:\/\/vocesparalelas.com.ar\/sitio\/wp-json\/wp\/v2\/types\/post"}],"author":[{"embeddable":true,"href":"https:\/\/vocesparalelas.com.ar\/sitio\/wp-json\/wp\/v2\/users\/3"}],"replies":[{"embeddable":true,"href":"https:\/\/vocesparalelas.com.ar\/sitio\/wp-json\/wp\/v2\/comments?post=35170"}],"version-history":[{"count":1,"href":"https:\/\/vocesparalelas.com.ar\/sitio\/wp-json\/wp\/v2\/posts\/35170\/revisions"}],"predecessor-version":[{"id":35173,"href":"https:\/\/vocesparalelas.com.ar\/sitio\/wp-json\/wp\/v2\/posts\/35170\/revisions\/35173"}],"wp:featuredmedia":[{"embeddable":true,"href":"https:\/\/vocesparalelas.com.ar\/sitio\/wp-json\/wp\/v2\/media\/35172"}],"wp:attachment":[{"href":"https:\/\/vocesparalelas.com.ar\/sitio\/wp-json\/wp\/v2\/media?parent=35170"}],"wp:term":[{"taxonomy":"category","embeddable":true,"href":"https:\/\/vocesparalelas.com.ar\/sitio\/wp-json\/wp\/v2\/categories?post=35170"},{"taxonomy":"post_tag","embeddable":true,"href":"https:\/\/vocesparalelas.com.ar\/sitio\/wp-json\/wp\/v2\/tags?post=35170"}],"curies":[{"name":"wp","href":"https:\/\/api.w.org\/{rel}","templated":true}]}}