{"id":35165,"date":"2021-02-12T23:47:27","date_gmt":"2021-02-13T02:47:27","guid":{"rendered":"http:\/\/vocesparalelas.com.ar\/sitio\/?p=35165"},"modified":"2021-02-15T19:52:29","modified_gmt":"2021-02-15T22:52:29","slug":"los-centros-de-salud-vuelven-con-protocolos-sanitarios-en-san-juan","status":"publish","type":"post","link":"https:\/\/vocesparalelas.com.ar\/sitio\/los-centros-de-salud-vuelven-con-protocolos-sanitarios-en-san-juan\/","title":{"rendered":"Los Centros de Salud vuelven con protocolos sanitarios en San Juan"},"content":{"rendered":"<p>Debido a la emergencia sanitaria por COVID-19, por razones de seguridad para la poblaci\u00f3n, todas las actividades presenciales quedaron suspendidas, esto incluy\u00f3 la actividad f\u00edsica que se realizaba en los centros de salud.<\/p>\n<p>Desde el Ministerio de Salud P\u00fablica, a trav\u00e9s de la Direcci\u00f3n de programas de salud, durante este mes por medio de los Programas REDES y PROTEGER, se entreg\u00f3 a los Profesores, term\u00f3metro frontal, m\u00e1scara de acetato, planillas para triage de s\u00edntomas y cintas demarcatorias para espacios seguros en el suelo; como as\u00ed tambi\u00e9n, se hizo entrega de kits sanitizantes a los responsables sanitarios de los grupos de Actividades F\u00edsica de cada CAPS (Centro de atenci\u00f3n primaria de salud), compuestos por alcohol en gel, alcohol l\u00edquido, lavandina, alfombra sanitizante y atomizador.<\/p>\n<p><strong>Las medidas sanitarias que se tendr\u00e1n en cuenta para el regreso ser\u00e1n:<\/strong><\/p>\n<ul>\n<li>El factor de ocupaci\u00f3n al 30%.<\/li>\n<li>Distanciamiento social de 2 metros por persona.<\/li>\n<li>Registro de datos personales.<\/li>\n<li>Tapabocas obligatorio y kit de higiene personal como toallas, botella de agua y alcohol en gel.<\/li>\n<\/ul>\n<p>Los meses previos al retorno se estuvo capacitando a los profesores de manera virtual sobre el protocolo a implementar, frecuencia de lavado de manos, entre otras tem\u00e1ticas<\/p>\n<p>Adem\u00e1s, los profesores capacitaron a sus alumnos sobre protocolo sanitario, triage de s\u00edntomas, y programaci\u00f3n del de las actividades durante la clase.<\/p>\n","protected":false},"excerpt":{"rendered":"<p>Debido a la emergencia sanitaria por COVID-19, por razones de seguridad para la poblaci\u00f3n, todas las actividades presenciales quedaron suspendidas,<\/p>\n","protected":false},"author":3,"featured_media":35167,"comment_status":"closed","ping_status":"closed","sticky":false,"template":"","format":"standard","meta":{"_acf_changed":false,"_seopress_robots_primary_cat":"none","_seopress_titles_title":"","_seopress_titles_desc":"","_seopress_robots_index":"","colormag_page_container_layout":"default_layout","colormag_page_sidebar_layout":"default_layout","footnotes":""},"categories":[6],"tags":[],"class_list":["post-35165","post","type-post","status-publish","format-standard","has-post-thumbnail","hentry","category-eventos"],"acf":[],"_links":{"self":[{"href":"https:\/\/vocesparalelas.com.ar\/sitio\/wp-json\/wp\/v2\/posts\/35165","targetHints":{"allow":["GET"]}}],"collection":[{"href":"https:\/\/vocesparalelas.com.ar\/sitio\/wp-json\/wp\/v2\/posts"}],"about":[{"href":"https:\/\/vocesparalelas.com.ar\/sitio\/wp-json\/wp\/v2\/types\/post"}],"author":[{"embeddable":true,"href":"https:\/\/vocesparalelas.com.ar\/sitio\/wp-json\/wp\/v2\/users\/3"}],"replies":[{"embeddable":true,"href":"https:\/\/vocesparalelas.com.ar\/sitio\/wp-json\/wp\/v2\/comments?post=35165"}],"version-history":[{"count":1,"href":"https:\/\/vocesparalelas.com.ar\/sitio\/wp-json\/wp\/v2\/posts\/35165\/revisions"}],"predecessor-version":[{"id":35168,"href":"https:\/\/vocesparalelas.com.ar\/sitio\/wp-json\/wp\/v2\/posts\/35165\/revisions\/35168"}],"wp:featuredmedia":[{"embeddable":true,"href":"https:\/\/vocesparalelas.com.ar\/sitio\/wp-json\/wp\/v2\/media\/35167"}],"wp:attachment":[{"href":"https:\/\/vocesparalelas.com.ar\/sitio\/wp-json\/wp\/v2\/media?parent=35165"}],"wp:term":[{"taxonomy":"category","embeddable":true,"href":"https:\/\/vocesparalelas.com.ar\/sitio\/wp-json\/wp\/v2\/categories?post=35165"},{"taxonomy":"post_tag","embeddable":true,"href":"https:\/\/vocesparalelas.com.ar\/sitio\/wp-json\/wp\/v2\/tags?post=35165"}],"curies":[{"name":"wp","href":"https:\/\/api.w.org\/{rel}","templated":true}]}}