{"id":35162,"date":"2021-02-12T23:20:06","date_gmt":"2021-02-13T02:20:06","guid":{"rendered":"http:\/\/vocesparalelas.com.ar\/sitio\/?p=35162"},"modified":"2021-02-14T21:31:17","modified_gmt":"2021-02-15T00:31:17","slug":"atencion-a-los-docentes-de-la-facso-de-la-unsj","status":"publish","type":"post","link":"https:\/\/vocesparalelas.com.ar\/sitio\/atencion-a-los-docentes-de-la-facso-de-la-unsj\/","title":{"rendered":"Atenci\u00f3n a los Docentes de la FACSO de la UNSJ"},"content":{"rendered":"<p>Luego del acta paritaria firmada el Lunes, 8 de Febrero, en la cual se acord\u00f3, en primer lugar, regularizar, desde esa fecha, a los docentes que aprobaron coloquio, y a los docentes cuya situaci\u00f3n de revista fue verificada por las CCUT y aprobada por la Comisi\u00f3n Negociadora Paritaria de Nivel Particular de los Docentes en el marco del Acta N\u00b095.<\/p>\n<p>En segundo lugar, las CCUT deb\u00edan continuar con el proceso de verificaci\u00f3n de regularizaci\u00f3n establecido en las Actas Paritarias previas.<\/p>\n<p>La CCUT de la Facultad de Ciencias Sociales de la Universidad Nacional de San Juan, puso a disposici\u00f3n las actas con los primeros listados de los y las docentes que ingresar\u00e1n a la carrera docente con la Aplicaci\u00f3n del Art\u00edculo 73 de nuestro Convenio Colectivo de Trabajo, a trav\u00e9s del mecanismo directo.<\/p>\n<p>Debajo te dejamos los listados para que puedas buscarte, cabe aclara que aquellas personas que hayan presentado el formulario para el ingreso a la carrera docente y no figuren en ninguno de los listados que hemos publicado, se debe a que todav\u00eda su situaci\u00f3n no se ha resuelto en comisi\u00f3n o pasar\u00e1 directamente a discutirse en la Paritiaria Local.<\/p>\n<p>Asimismo, aquellos cargos que hayan cambiado su situaci\u00f3n de revista en los \u00fatlimos a\u00f1os, deben comunicarse a la brevedad con la Secretar\u00eda Acad\u00e9mica de la UNSJ.<\/p>\n<p>A continuaci\u00f3n, las actas y los listados en <a href=\"https:\/\/www.adicus.org.ar\/art73-facso-120221\/\">https:\/\/www.adicus.org.ar\/art73-facso-120221\/<\/a><\/p>\n<ul>\n<li>ACTA N\u00b0 1<\/li>\n<li>ACTA N\u00b0 2<\/li>\n<li>ACTA N\u00b0 4<\/li>\n<li>ACTA N\u00b0 5<\/li>\n<\/ul>\n<p>&nbsp;<\/p>\n<p><img loading=\"lazy\" decoding=\"async\" class=\"alignnone wp-image-15835 size-large\" src=\"https:\/\/vocesparalelas.com.ar\/sitio\/wp-content\/uploads\/2018\/10\/ADICUS-EDIFICIO-800x531.jpg\" alt=\"\" width=\"800\" height=\"531\" srcset=\"https:\/\/vocesparalelas.com.ar\/sitio\/wp-content\/uploads\/2018\/10\/ADICUS-EDIFICIO-800x531.jpg 800w, https:\/\/vocesparalelas.com.ar\/sitio\/wp-content\/uploads\/2018\/10\/ADICUS-EDIFICIO-300x199.jpg 300w, https:\/\/vocesparalelas.com.ar\/sitio\/wp-content\/uploads\/2018\/10\/ADICUS-EDIFICIO-768x510.jpg 768w, https:\/\/vocesparalelas.com.ar\/sitio\/wp-content\/uploads\/2018\/10\/ADICUS-EDIFICIO.jpg 1000w\" sizes=\"auto, (max-width: 800px) 100vw, 800px\" \/><\/p>\n","protected":false},"excerpt":{"rendered":"<p>Luego del acta paritaria firmada el Lunes, 8 de Febrero, en la cual se acord\u00f3, en primer lugar, regularizar, desde<\/p>\n","protected":false},"author":3,"featured_media":3711,"comment_status":"closed","ping_status":"closed","sticky":false,"template":"","format":"standard","meta":{"_acf_changed":false,"_seopress_robots_primary_cat":"none","_seopress_titles_title":"","_seopress_titles_desc":"","_seopress_robots_index":"","colormag_page_container_layout":"default_layout","colormag_page_sidebar_layout":"default_layout","footnotes":""},"categories":[2],"tags":[],"class_list":["post-35162","post","type-post","status-publish","format-standard","has-post-thumbnail","hentry","category-convocatorias"],"acf":[],"_links":{"self":[{"href":"https:\/\/vocesparalelas.com.ar\/sitio\/wp-json\/wp\/v2\/posts\/35162","targetHints":{"allow":["GET"]}}],"collection":[{"href":"https:\/\/vocesparalelas.com.ar\/sitio\/wp-json\/wp\/v2\/posts"}],"about":[{"href":"https:\/\/vocesparalelas.com.ar\/sitio\/wp-json\/wp\/v2\/types\/post"}],"author":[{"embeddable":true,"href":"https:\/\/vocesparalelas.com.ar\/sitio\/wp-json\/wp\/v2\/users\/3"}],"replies":[{"embeddable":true,"href":"https:\/\/vocesparalelas.com.ar\/sitio\/wp-json\/wp\/v2\/comments?post=35162"}],"version-history":[{"count":2,"href":"https:\/\/vocesparalelas.com.ar\/sitio\/wp-json\/wp\/v2\/posts\/35162\/revisions"}],"predecessor-version":[{"id":35169,"href":"https:\/\/vocesparalelas.com.ar\/sitio\/wp-json\/wp\/v2\/posts\/35162\/revisions\/35169"}],"wp:featuredmedia":[{"embeddable":true,"href":"https:\/\/vocesparalelas.com.ar\/sitio\/wp-json\/wp\/v2\/media\/3711"}],"wp:attachment":[{"href":"https:\/\/vocesparalelas.com.ar\/sitio\/wp-json\/wp\/v2\/media?parent=35162"}],"wp:term":[{"taxonomy":"category","embeddable":true,"href":"https:\/\/vocesparalelas.com.ar\/sitio\/wp-json\/wp\/v2\/categories?post=35162"},{"taxonomy":"post_tag","embeddable":true,"href":"https:\/\/vocesparalelas.com.ar\/sitio\/wp-json\/wp\/v2\/tags?post=35162"}],"curies":[{"name":"wp","href":"https:\/\/api.w.org\/{rel}","templated":true}]}}