{"id":35136,"date":"2021-02-12T00:03:30","date_gmt":"2021-02-12T03:03:30","guid":{"rendered":"http:\/\/vocesparalelas.com.ar\/sitio\/?p=35136"},"modified":"2021-02-12T00:03:30","modified_gmt":"2021-02-12T03:03:30","slug":"los-integrantes-del-faecys-presentaron-la-diplomatura-al-gobierno-de-san-juan","status":"publish","type":"post","link":"https:\/\/vocesparalelas.com.ar\/sitio\/los-integrantes-del-faecys-presentaron-la-diplomatura-al-gobierno-de-san-juan\/","title":{"rendered":"Los integrantes del FAECYS presentaron la Diplomatura al Gobierno de San Juan"},"content":{"rendered":"<p>Despu\u00e9s de la firma de un acta intenci\u00f3n de la Diplomatura de Extensi\u00f3n en Gesti\u00f3n Administrativa, Comercial y Tecnol\u00f3gica entre la FAECYS y la UNSJ, destinada a empleados de comercio de Argentina, la comitiva se traslad\u00f3 a la Casa de Gobierno, donde fueron recibidos por el Vicegobernador en ejercicio del Poder Ejecutivo, CPN Roberto Gattoni.<\/p>\n<p>La Federaci\u00f3n Argentina de Empleados de Comercio y Servicios integrada por l secretario General del Sindicato de Comercio San Mart\u00edn y secretario de Cultura y Capacitaci\u00f3n Faecys, Ra\u00fal Guiot, la titular del Sindicato de Empleados de Comercio de San Juan, Mirna Moral, Orlando Machado, secretario General del SEC de Avellaneda; Fernando Ligorria, secretario General SEC de Mendoza; secretario de cultura del SEC San Juan, Miguel Funes; Diego \u00c1lvarez, secretario General del CEC de Lobos-Ca\u00f1uela; Omar Gauna, secretario General del CEC de Luj\u00e1n; Pedro Ferreyra, secretario General del CEC de Santa F\u00e9; Mat\u00edas Mori, secretario General de Jes\u00fas Mar\u00eda; y N\u00e9stor Gerez director de Tecnolog\u00eda e innovaci\u00f3n educativa.<\/p>\n<p>Tras la reuni\u00f3n, el CPN Roberto Gattoni destac\u00f3 la iniciativa del gremio ya que \u201cla pandemia anticip\u00f3 situaciones y es muy bueno que los gremios tomen las herramienta para continuar creciendo y capacitando a sus integrantes\u00bb.<\/p>\n<p>La diplomatura comienza el 1 de abril tal cual afirm\u00f3 Mirna Moral que dijo \u00abse realizar\u00e1 desde San Juan hacia el pa\u00eds para m\u00e1s de 123 filiales que recibir\u00e1n la capacitaci\u00f3n\u00bb.<\/p>\n<p>Seg\u00fan expres\u00f3 la titular del gremio alrededor de 3 mil sanjuaninos realizar\u00edan la capacitaci\u00f3n y el m\u00e9todo ser\u00e1 online. \u00abEl objetivo es que los empleados de comercio puedan capacitarse. Estamos buscando que los comerciantes puedan reconocer esa diplomatura con un valor extra\u00bb, afirm\u00f3 Moral.<\/p>\n<p>Por su parte, Ra\u00fal Guiot, explic\u00f3 que \u00abesto es in\u00e9dito, lo realizamos con la UNSJ y es para todo el pa\u00eds. San Juan es una provincia muy bien administrada que siempre se destac\u00f3 en lo cultural, no es casualidad que trabajemos en conjunto\u00bb.<\/p>\n<p><img loading=\"lazy\" decoding=\"async\" class=\"alignnone wp-image-35120 size-full\" src=\"https:\/\/vocesparalelas.com.ar\/sitio\/wp-content\/uploads\/2021\/02\/SEC-SAN-JUAN-02.jpg\" alt=\"\" width=\"800\" height=\"533\" srcset=\"https:\/\/vocesparalelas.com.ar\/sitio\/wp-content\/uploads\/2021\/02\/SEC-SAN-JUAN-02.jpg 800w, https:\/\/vocesparalelas.com.ar\/sitio\/wp-content\/uploads\/2021\/02\/SEC-SAN-JUAN-02-300x200.jpg 300w, https:\/\/vocesparalelas.com.ar\/sitio\/wp-content\/uploads\/2021\/02\/SEC-SAN-JUAN-02-768x512.jpg 768w\" sizes=\"auto, (max-width: 800px) 100vw, 800px\" \/><\/p>\n<p>&nbsp;<\/p>\n","protected":false},"excerpt":{"rendered":"<p>Despu\u00e9s de la firma de un acta intenci\u00f3n de la Diplomatura de Extensi\u00f3n en Gesti\u00f3n Administrativa, Comercial y Tecnol\u00f3gica entre<\/p>\n","protected":false},"author":3,"featured_media":35119,"comment_status":"closed","ping_status":"closed","sticky":false,"template":"","format":"standard","meta":{"_acf_changed":false,"_seopress_robots_primary_cat":"none","_seopress_titles_title":"","_seopress_titles_desc":"","_seopress_robots_index":"","colormag_page_container_layout":"default_layout","colormag_page_sidebar_layout":"default_layout","footnotes":""},"categories":[1],"tags":[],"class_list":["post-35136","post","type-post","status-publish","format-standard","has-post-thumbnail","hentry","category-destacadas"],"acf":[],"_links":{"self":[{"href":"https:\/\/vocesparalelas.com.ar\/sitio\/wp-json\/wp\/v2\/posts\/35136","targetHints":{"allow":["GET"]}}],"collection":[{"href":"https:\/\/vocesparalelas.com.ar\/sitio\/wp-json\/wp\/v2\/posts"}],"about":[{"href":"https:\/\/vocesparalelas.com.ar\/sitio\/wp-json\/wp\/v2\/types\/post"}],"author":[{"embeddable":true,"href":"https:\/\/vocesparalelas.com.ar\/sitio\/wp-json\/wp\/v2\/users\/3"}],"replies":[{"embeddable":true,"href":"https:\/\/vocesparalelas.com.ar\/sitio\/wp-json\/wp\/v2\/comments?post=35136"}],"version-history":[{"count":1,"href":"https:\/\/vocesparalelas.com.ar\/sitio\/wp-json\/wp\/v2\/posts\/35136\/revisions"}],"predecessor-version":[{"id":35138,"href":"https:\/\/vocesparalelas.com.ar\/sitio\/wp-json\/wp\/v2\/posts\/35136\/revisions\/35138"}],"wp:featuredmedia":[{"embeddable":true,"href":"https:\/\/vocesparalelas.com.ar\/sitio\/wp-json\/wp\/v2\/media\/35119"}],"wp:attachment":[{"href":"https:\/\/vocesparalelas.com.ar\/sitio\/wp-json\/wp\/v2\/media?parent=35136"}],"wp:term":[{"taxonomy":"category","embeddable":true,"href":"https:\/\/vocesparalelas.com.ar\/sitio\/wp-json\/wp\/v2\/categories?post=35136"},{"taxonomy":"post_tag","embeddable":true,"href":"https:\/\/vocesparalelas.com.ar\/sitio\/wp-json\/wp\/v2\/tags?post=35136"}],"curies":[{"name":"wp","href":"https:\/\/api.w.org\/{rel}","templated":true}]}}