{"id":35106,"date":"2021-02-11T21:43:33","date_gmt":"2021-02-12T00:43:33","guid":{"rendered":"http:\/\/vocesparalelas.com.ar\/sitio\/?p=35106"},"modified":"2021-02-11T21:43:33","modified_gmt":"2021-02-12T00:43:33","slug":"intensa-agenda-en-buenos-aires-en-beneficio-de-san-juan","status":"publish","type":"post","link":"https:\/\/vocesparalelas.com.ar\/sitio\/intensa-agenda-en-buenos-aires-en-beneficio-de-san-juan\/","title":{"rendered":"Intensa agenda en Buenos Aires en beneficio de San Juan"},"content":{"rendered":"<p>El gobernador de San Juan, Dr. Sergio U\u00f1ac, viaj\u00f3 a Buenos Aires una amplia agenda de trabajo, que incluy\u00f3 gestiones ante funcionarios nacionales.<\/p>\n<p>En primer t\u00e9rmino, el mandatario provincial, acompa\u00f1ado por el ministro de Obras y Servicios P\u00fablicos, se reuni\u00f3 con el secretario de Energ\u00eda de la Naci\u00f3n, Dar\u00edo Mart\u00ednez, quien particip\u00f3 junto al subsecretario de Coordinaci\u00f3n Institucional de Energ\u00eda, Lic. Santiago Yanotti.<\/p>\n<p><img loading=\"lazy\" decoding=\"async\" class=\"alignnone wp-image-35109 size-full\" src=\"https:\/\/vocesparalelas.com.ar\/sitio\/wp-content\/uploads\/2021\/02\/BUENO-SAN-JUAN-02.jpg\" alt=\"\" width=\"800\" height=\"600\" srcset=\"https:\/\/vocesparalelas.com.ar\/sitio\/wp-content\/uploads\/2021\/02\/BUENO-SAN-JUAN-02.jpg 800w, https:\/\/vocesparalelas.com.ar\/sitio\/wp-content\/uploads\/2021\/02\/BUENO-SAN-JUAN-02-300x225.jpg 300w, https:\/\/vocesparalelas.com.ar\/sitio\/wp-content\/uploads\/2021\/02\/BUENO-SAN-JUAN-02-768x576.jpg 768w\" sizes=\"auto, (max-width: 800px) 100vw, 800px\" \/><\/p>\n<p>Durante la reuni\u00f3n, ambas autoridades repasaron la agenda energ\u00e9tica de la provincia, ratificaron el trabajo conjunto y acordaron que el secretario visite la provincia en una fecha cercana, en coincidencia con la inauguraci\u00f3n de un nuevo parque estatal de energ\u00edas renovables que estar\u00e1 ubicado en el Parque Industrial Tecnol\u00f3gico Ambiental Regional &#8211; PITAR.<\/p>\n<p><img loading=\"lazy\" decoding=\"async\" class=\"alignnone wp-image-35110 size-full\" src=\"https:\/\/vocesparalelas.com.ar\/sitio\/wp-content\/uploads\/2021\/02\/BUENO-SAN-JUAN-04.jpg\" alt=\"\" width=\"800\" height=\"600\" srcset=\"https:\/\/vocesparalelas.com.ar\/sitio\/wp-content\/uploads\/2021\/02\/BUENO-SAN-JUAN-04.jpg 800w, https:\/\/vocesparalelas.com.ar\/sitio\/wp-content\/uploads\/2021\/02\/BUENO-SAN-JUAN-04-300x225.jpg 300w, https:\/\/vocesparalelas.com.ar\/sitio\/wp-content\/uploads\/2021\/02\/BUENO-SAN-JUAN-04-768x576.jpg 768w\" sizes=\"auto, (max-width: 800px) 100vw, 800px\" \/><\/p>\n<p>Posteriormente, U\u00f1ac mantuvo una reuni\u00f3n con el secretario de Miner\u00eda de la Naci\u00f3n, Alberto Hensel, en cuyo transcurso analizaron el panorama del sector en la provincia, as\u00ed como el avance de diversos proyectos que se encuentran en etapa de exploraci\u00f3n y explotaci\u00f3n.<\/p>\n<p>La tercera actividad del mandatario en Capital Federal comprendi\u00f3 un encuentro con el secretario de H\u00e1bitat, Santiago Maggioti, en cuyo transcurso se llevaron adelante tr\u00e1mites administrativos para la ejecuci\u00f3n de los convenios firmados entre Provincia y Naci\u00f3n para avanzar en la construcci\u00f3n de las 1.800 viviendasanunciadas por el presidente Alberto Fern\u00e1ndez luego del terremoto.<\/p>\n<p><img loading=\"lazy\" decoding=\"async\" class=\"alignnone wp-image-35111 size-full\" src=\"https:\/\/vocesparalelas.com.ar\/sitio\/wp-content\/uploads\/2021\/02\/BUENOS-SAN-JUAN-05.jpg\" alt=\"\" width=\"800\" height=\"600\" srcset=\"https:\/\/vocesparalelas.com.ar\/sitio\/wp-content\/uploads\/2021\/02\/BUENOS-SAN-JUAN-05.jpg 800w, https:\/\/vocesparalelas.com.ar\/sitio\/wp-content\/uploads\/2021\/02\/BUENOS-SAN-JUAN-05-300x225.jpg 300w, https:\/\/vocesparalelas.com.ar\/sitio\/wp-content\/uploads\/2021\/02\/BUENOS-SAN-JUAN-05-768x576.jpg 768w\" sizes=\"auto, (max-width: 800px) 100vw, 800px\" \/><\/p>\n<p>Dicho convenio fue rubricado en su visita a la provincia por el ministro de Desarrollo Territorial y H\u00e1bitat, Jorge Ferraresi, con quien el gobernador U\u00f1ac se reuni\u00f3 a continuaci\u00f3n. En ese encuentro, los funcionarios analizaron la situaci\u00f3n habitacional de la provincia tras el sismo y ratificaron la continuidad de las pol\u00edticas de construcci\u00f3n de nuevas viviendas, que permiten brindar soluciones habitacionales como asimismo generar empleo.<\/p>\n<p>Cerrando su agenda del d\u00eda en Buenos Aires, el mandatario provincial se reuni\u00f3 con el gerente ejecutivo de Relaciones Institucionales, Comunicaciones y Pol\u00edtica de Vialidad Nacional, Federico Stiz, con quien avanz\u00f3 en tr\u00e1mites administrativos relacionados con el desarrollo vial de la provincia.<\/p>\n<p>&nbsp;<\/p>\n<p>&nbsp;<\/p>\n<p>&nbsp;<\/p>\n<p>&nbsp;<\/p>\n","protected":false},"excerpt":{"rendered":"<p>El gobernador de San Juan, Dr. Sergio U\u00f1ac, viaj\u00f3 a Buenos Aires una amplia agenda de trabajo, que incluy\u00f3 gestiones<\/p>\n","protected":false},"author":3,"featured_media":35108,"comment_status":"closed","ping_status":"closed","sticky":false,"template":"","format":"standard","meta":{"_acf_changed":false,"_seopress_robots_primary_cat":"none","_seopress_titles_title":"","_seopress_titles_desc":"","_seopress_robots_index":"","colormag_page_container_layout":"default_layout","colormag_page_sidebar_layout":"default_layout","footnotes":""},"categories":[1],"tags":[],"class_list":["post-35106","post","type-post","status-publish","format-standard","has-post-thumbnail","hentry","category-destacadas"],"acf":[],"_links":{"self":[{"href":"https:\/\/vocesparalelas.com.ar\/sitio\/wp-json\/wp\/v2\/posts\/35106","targetHints":{"allow":["GET"]}}],"collection":[{"href":"https:\/\/vocesparalelas.com.ar\/sitio\/wp-json\/wp\/v2\/posts"}],"about":[{"href":"https:\/\/vocesparalelas.com.ar\/sitio\/wp-json\/wp\/v2\/types\/post"}],"author":[{"embeddable":true,"href":"https:\/\/vocesparalelas.com.ar\/sitio\/wp-json\/wp\/v2\/users\/3"}],"replies":[{"embeddable":true,"href":"https:\/\/vocesparalelas.com.ar\/sitio\/wp-json\/wp\/v2\/comments?post=35106"}],"version-history":[{"count":1,"href":"https:\/\/vocesparalelas.com.ar\/sitio\/wp-json\/wp\/v2\/posts\/35106\/revisions"}],"predecessor-version":[{"id":35112,"href":"https:\/\/vocesparalelas.com.ar\/sitio\/wp-json\/wp\/v2\/posts\/35106\/revisions\/35112"}],"wp:featuredmedia":[{"embeddable":true,"href":"https:\/\/vocesparalelas.com.ar\/sitio\/wp-json\/wp\/v2\/media\/35108"}],"wp:attachment":[{"href":"https:\/\/vocesparalelas.com.ar\/sitio\/wp-json\/wp\/v2\/media?parent=35106"}],"wp:term":[{"taxonomy":"category","embeddable":true,"href":"https:\/\/vocesparalelas.com.ar\/sitio\/wp-json\/wp\/v2\/categories?post=35106"},{"taxonomy":"post_tag","embeddable":true,"href":"https:\/\/vocesparalelas.com.ar\/sitio\/wp-json\/wp\/v2\/tags?post=35106"}],"curies":[{"name":"wp","href":"https:\/\/api.w.org\/{rel}","templated":true}]}}