{"id":35069,"date":"2021-02-10T22:39:38","date_gmt":"2021-02-11T01:39:38","guid":{"rendered":"http:\/\/vocesparalelas.com.ar\/sitio\/?p=35069"},"modified":"2021-02-10T23:25:03","modified_gmt":"2021-02-11T02:25:03","slug":"taller-virtual-la-economia-social-y-sus-actores-empredurismo-social","status":"publish","type":"post","link":"https:\/\/vocesparalelas.com.ar\/sitio\/taller-virtual-la-economia-social-y-sus-actores-empredurismo-social\/","title":{"rendered":"Taller virtual \u00abLa Econom\u00eda Social y sus actores. Empredurismo Social\u00bb"},"content":{"rendered":"<p>En el marco del Programa de Capacitaci\u00f3n Gratuita para los Docentes de las Universidades Nacionales, la Secretar\u00eda Acad\u00e9mica de la UNSJ y el gremio UDA informan que se encuentra abierta la inscripci\u00f3n para el Curso \u00abTaller de Econom\u00eda Social: La Econom\u00eda Social y sus actores. Empredurismo Social\u00bb destinado a Docentes de la UNSJ.<\/p>\n<p><span style=\"color: #ff00ff;\"><strong> Contenidos m\u00ednimos<\/strong><\/span><\/p>\n<ul>\n<li>Los caminos de la Econom\u00eda Social. Econom\u00eda Social y Econom\u00eda del Trabajo.<\/li>\n<li>Construyendo Emprendimientos Sustentables.<\/li>\n<\/ul>\n<p><strong><span style=\"color: #ff00ff;\">Docente Responsable<\/span><\/strong><\/p>\n<ul>\n<li>C.P.N Profesor Mart\u00edn Olivares S\u00e1nchez<\/li>\n<\/ul>\n<p>Duraci\u00f3n: 45 hs.<\/p>\n<p>El curso inicia el s\u00e1bado 13 de febrero de 2021 y se desarrolla en forma virtual a partir de las 8.30\u00a0hasta 10:30 horas, en la plataforma Classroom.<\/p>\n<p><strong><span style=\"color: #ff00ff;\">Inscripciones<\/span><\/strong><\/p>\n<p>Inscribirse con correo Gmail y hasta el 12 de febrero en el siguiente\u00a0link<\/p>\n<p><a href=\"https:\/\/docs.google.com\/forms\/d\/e\/1FAIpQLSddXBZKBR5H7GHPkTWjRQETCrM_hzvrRtmjnzicrdUG56yN1A\/viewform\">https:\/\/docs.google.com\/forms\/d\/e\/1FAIpQLSddXBZKBR5H7GHPkTWjRQETCrM_hzvrRtmjnzicrdUG56yN1A\/viewform<\/a><\/p>\n<p><span style=\"color: #ff00ff;\"><strong>M\u00e1s\u00a0informaci\u00f3n<\/strong><\/span><\/p>\n<p>Mg.\u00a0Elodia Ramos\u00a0<a href=\"elodiaramos@unsj.edu.ar\">elodiaramos@unsj.edu.ar<\/a><\/p>\n<p>&nbsp;<\/p>\n<p>&nbsp;<\/p>\n<p>&nbsp;<\/p>\n","protected":false},"excerpt":{"rendered":"<p>En el marco del Programa de Capacitaci\u00f3n Gratuita para los Docentes de las Universidades Nacionales, la Secretar\u00eda Acad\u00e9mica de la<\/p>\n","protected":false},"author":3,"featured_media":35071,"comment_status":"closed","ping_status":"closed","sticky":false,"template":"","format":"standard","meta":{"_acf_changed":false,"_seopress_robots_primary_cat":"none","_seopress_titles_title":"","_seopress_titles_desc":"","_seopress_robots_index":"","colormag_page_container_layout":"default_layout","colormag_page_sidebar_layout":"default_layout","footnotes":""},"categories":[9],"tags":[],"class_list":["post-35069","post","type-post","status-publish","format-standard","has-post-thumbnail","hentry","category-cursos"],"acf":[],"_links":{"self":[{"href":"https:\/\/vocesparalelas.com.ar\/sitio\/wp-json\/wp\/v2\/posts\/35069","targetHints":{"allow":["GET"]}}],"collection":[{"href":"https:\/\/vocesparalelas.com.ar\/sitio\/wp-json\/wp\/v2\/posts"}],"about":[{"href":"https:\/\/vocesparalelas.com.ar\/sitio\/wp-json\/wp\/v2\/types\/post"}],"author":[{"embeddable":true,"href":"https:\/\/vocesparalelas.com.ar\/sitio\/wp-json\/wp\/v2\/users\/3"}],"replies":[{"embeddable":true,"href":"https:\/\/vocesparalelas.com.ar\/sitio\/wp-json\/wp\/v2\/comments?post=35069"}],"version-history":[{"count":1,"href":"https:\/\/vocesparalelas.com.ar\/sitio\/wp-json\/wp\/v2\/posts\/35069\/revisions"}],"predecessor-version":[{"id":35072,"href":"https:\/\/vocesparalelas.com.ar\/sitio\/wp-json\/wp\/v2\/posts\/35069\/revisions\/35072"}],"wp:featuredmedia":[{"embeddable":true,"href":"https:\/\/vocesparalelas.com.ar\/sitio\/wp-json\/wp\/v2\/media\/35071"}],"wp:attachment":[{"href":"https:\/\/vocesparalelas.com.ar\/sitio\/wp-json\/wp\/v2\/media?parent=35069"}],"wp:term":[{"taxonomy":"category","embeddable":true,"href":"https:\/\/vocesparalelas.com.ar\/sitio\/wp-json\/wp\/v2\/categories?post=35069"},{"taxonomy":"post_tag","embeddable":true,"href":"https:\/\/vocesparalelas.com.ar\/sitio\/wp-json\/wp\/v2\/tags?post=35069"}],"curies":[{"name":"wp","href":"https:\/\/api.w.org\/{rel}","templated":true}]}}