{"id":35066,"date":"2021-02-10T22:30:48","date_gmt":"2021-02-11T01:30:48","guid":{"rendered":"http:\/\/vocesparalelas.com.ar\/sitio\/?p=35066"},"modified":"2021-02-11T00:09:50","modified_gmt":"2021-02-11T03:09:50","slug":"curso-virtual-velozmente-creativamente","status":"publish","type":"post","link":"https:\/\/vocesparalelas.com.ar\/sitio\/curso-virtual-velozmente-creativamente\/","title":{"rendered":"Curso Virtual \u00abVelozmente &#8211; Creativamente\u00bb"},"content":{"rendered":"<p>En el marco del Programa de Capacitaci\u00f3n Gratuita para los Docentes de las Universidades Nacionales, la Secretar\u00eda Acad\u00e9mica de la UNSJ y el gremio UDA informan que se encuentra abierta la inscripci\u00f3n para el Curso \u00abVelozmente &#8211; Creativamente\u00bb destinado a Docentes de la UNSJ.<\/p>\n<p><span style=\"color: #ff9900;\"><strong> Contenidos M\u00ednimos<\/strong><\/span><\/p>\n<ul>\n<li>Teor\u00eda General de la Creatividad.<\/li>\n<li>Creatividad en la Educaci\u00f3n.<\/li>\n<li>Aspectos importantes de la creatividad para trabajar en el aula.<\/li>\n<li>La educaci\u00f3n para la creatividad.<\/li>\n<li>T\u00e9cnicas para el desarrollo de la creatividad.<\/li>\n<\/ul>\n<p><span style=\"color: #ff9900;\"><strong>Docentes Responsables<\/strong><\/span><\/p>\n<ul>\n<li>Esp. Prof Jorge Gim\u00e9nez y<\/li>\n<li>Lic. Prof. Cecilia Procopio.<\/li>\n<\/ul>\n<p>Duraci\u00f3n: 12 hs. reloj con evaluaci\u00f3n.<\/p>\n<p>El curso inicia el s\u00e1bado 13 de febrero de 2021 y se desarrolla en forma virtual a partir de las 17 a 19 horas, en la plataforma Classroom, durante 4 (cuatro) encuentros (d\u00edas 13, 20 y 27 de febrero y 6 de marzo de 2021).<\/p>\n<p><strong><span style=\"color: #ff9900;\">Inscripciones<\/span><\/strong><\/p>\n<p>Inscribirse con correo Gmail, hasta el 12 de febrero de 2021 en el siguiente link<\/p>\n<p><a href=\"https:\/\/docs.google.com\/forms\/d\/e\/1FAIpQLSdG86Qn_UABrzTk1lRwR1oD26v8pXZfZZ7-YQbqYu5puk_NMA\/viewform\">https:\/\/docs.google.com\/forms\/d\/e\/1FAIpQLSdG86Qn_UABrzTk1lRwR1oD26v8pXZfZZ7-YQbqYu5puk_NMA\/viewform<\/a><\/p>\n<p><strong><span style=\"color: #ff9900;\">M\u00e1s informaci\u00f3n<\/span><\/strong><\/p>\n<p>Mg. Elodia Ramos\u00a0<a href=\"elodiaramos@unsj.edu.ar\">elodiaramos@unsj.edu.ar<\/a><\/p>\n","protected":false},"excerpt":{"rendered":"<p>En el marco del Programa de Capacitaci\u00f3n Gratuita para los Docentes de las Universidades Nacionales, la Secretar\u00eda Acad\u00e9mica de la<\/p>\n","protected":false},"author":3,"featured_media":32913,"comment_status":"closed","ping_status":"closed","sticky":false,"template":"","format":"standard","meta":{"_acf_changed":false,"_seopress_robots_primary_cat":"none","_seopress_titles_title":"","_seopress_titles_desc":"","_seopress_robots_index":"","colormag_page_container_layout":"default_layout","colormag_page_sidebar_layout":"default_layout","footnotes":""},"categories":[9],"tags":[],"class_list":["post-35066","post","type-post","status-publish","format-standard","has-post-thumbnail","hentry","category-cursos"],"acf":[],"_links":{"self":[{"href":"https:\/\/vocesparalelas.com.ar\/sitio\/wp-json\/wp\/v2\/posts\/35066","targetHints":{"allow":["GET"]}}],"collection":[{"href":"https:\/\/vocesparalelas.com.ar\/sitio\/wp-json\/wp\/v2\/posts"}],"about":[{"href":"https:\/\/vocesparalelas.com.ar\/sitio\/wp-json\/wp\/v2\/types\/post"}],"author":[{"embeddable":true,"href":"https:\/\/vocesparalelas.com.ar\/sitio\/wp-json\/wp\/v2\/users\/3"}],"replies":[{"embeddable":true,"href":"https:\/\/vocesparalelas.com.ar\/sitio\/wp-json\/wp\/v2\/comments?post=35066"}],"version-history":[{"count":1,"href":"https:\/\/vocesparalelas.com.ar\/sitio\/wp-json\/wp\/v2\/posts\/35066\/revisions"}],"predecessor-version":[{"id":35068,"href":"https:\/\/vocesparalelas.com.ar\/sitio\/wp-json\/wp\/v2\/posts\/35066\/revisions\/35068"}],"wp:featuredmedia":[{"embeddable":true,"href":"https:\/\/vocesparalelas.com.ar\/sitio\/wp-json\/wp\/v2\/media\/32913"}],"wp:attachment":[{"href":"https:\/\/vocesparalelas.com.ar\/sitio\/wp-json\/wp\/v2\/media?parent=35066"}],"wp:term":[{"taxonomy":"category","embeddable":true,"href":"https:\/\/vocesparalelas.com.ar\/sitio\/wp-json\/wp\/v2\/categories?post=35066"},{"taxonomy":"post_tag","embeddable":true,"href":"https:\/\/vocesparalelas.com.ar\/sitio\/wp-json\/wp\/v2\/tags?post=35066"}],"curies":[{"name":"wp","href":"https:\/\/api.w.org\/{rel}","templated":true}]}}