{"id":35062,"date":"2021-02-10T22:15:44","date_gmt":"2021-02-11T01:15:44","guid":{"rendered":"http:\/\/vocesparalelas.com.ar\/sitio\/?p=35062"},"modified":"2021-02-10T22:15:44","modified_gmt":"2021-02-11T01:15:44","slug":"reunion-con-referentes-del-sector-de-combustibles","status":"publish","type":"post","link":"https:\/\/vocesparalelas.com.ar\/sitio\/reunion-con-referentes-del-sector-de-combustibles\/","title":{"rendered":"Reuni\u00f3n con referentes del sector de combustibles"},"content":{"rendered":"<p>En la sala Camus de Casa de Gobierno de San Juan, el gobernador, Dr. Sergio U\u00f1ac, se reuni\u00f3 con la presidente de la C\u00e1mara de Expendedores de Combustibles, Anal\u00eda Salguero y el tesorero del Sindicato Uni\u00f3n de Obreros de Estaciones de Servicios de Cuyo, V\u00edctor Manuel Men\u00e9ndez.<\/p>\n<p>Tras la reuni\u00f3n, tanto Salguero como Men\u00e9ndez agradecieron la recepci\u00f3n del mandatario provincial y explicaron que el foco de la charla estuvo en la actualidad del sector.<\/p>\n<p>Por ello, el tesorero del Sindicato Uni\u00f3n de Obreros de Estaciones de Servicios de Cuyo, V\u00edctor Manuel Men\u00e9ndez brind\u00f3 detalles del encuentro al decir que, \u00able contamos al gobernador que en nuestro sector, con el acompa\u00f1amiento del sector empresario y gremial, se trabaj\u00f3 en un convenio donde nos anticipamos a la pandemia con un art\u00edculo para proteger las fuentes de trabajo de personas mayores de 60 a\u00f1os o con alguna patolog\u00eda cr\u00f3nica\u00bb.<\/p>\n<p>Seguidamente valor\u00f3 el esfuerzo de los empresarios y remarc\u00f3 que \u00abdurante el 2020, los salarios de los trabajadores se mantuvieron 2 puntos por encima de la inflaci\u00f3n que fij\u00f3 el Gobierno nacional\u00bb.<\/p>\n<p>Por su parte, la presidente de la C\u00e1mara de Expendedores de Combustibles, Anal\u00eda Salguero agreg\u00f3 que \u00abnos pusimos a disposici\u00f3n con este nuevo impulso de la Miner\u00eda en San Juan, haci\u00e9ndole saber al gobernador que las estaciones de servicio, acompa\u00f1adas por el sindicato, estamos para poder abastecer lo que la miner\u00eda viene a demandar\u00bb<\/p>\n<p>Finalmente, con respecto a la situaci\u00f3n por la pandemia de COVID-19, Salguero dijo que \u00abnos pusimos al tanto de la situaci\u00f3n. Entendemos y agradecemos estar mejor que en otros lugares del pa\u00eds\u00bb y valor\u00f3 adem\u00e1s \u00abempat\u00eda del gobernador para que todos los sectores puedan transmitirle tranquilidad a sus trabajadores con respecto al COVID-19 y el trabajo de vacunaci\u00f3n\u00bb.<\/p>\n<p>&nbsp;<\/p>\n<p>&nbsp;<\/p>\n<p>&nbsp;<\/p>\n","protected":false},"excerpt":{"rendered":"<p>En la sala Camus de Casa de Gobierno de San Juan, el gobernador, Dr. Sergio U\u00f1ac, se reuni\u00f3 con la<\/p>\n","protected":false},"author":3,"featured_media":35064,"comment_status":"closed","ping_status":"closed","sticky":false,"template":"","format":"standard","meta":{"_acf_changed":false,"_seopress_robots_primary_cat":"none","_seopress_titles_title":"","_seopress_titles_desc":"","_seopress_robots_index":"","colormag_page_container_layout":"default_layout","colormag_page_sidebar_layout":"default_layout","footnotes":""},"categories":[1],"tags":[],"class_list":["post-35062","post","type-post","status-publish","format-standard","has-post-thumbnail","hentry","category-destacadas"],"acf":[],"_links":{"self":[{"href":"https:\/\/vocesparalelas.com.ar\/sitio\/wp-json\/wp\/v2\/posts\/35062","targetHints":{"allow":["GET"]}}],"collection":[{"href":"https:\/\/vocesparalelas.com.ar\/sitio\/wp-json\/wp\/v2\/posts"}],"about":[{"href":"https:\/\/vocesparalelas.com.ar\/sitio\/wp-json\/wp\/v2\/types\/post"}],"author":[{"embeddable":true,"href":"https:\/\/vocesparalelas.com.ar\/sitio\/wp-json\/wp\/v2\/users\/3"}],"replies":[{"embeddable":true,"href":"https:\/\/vocesparalelas.com.ar\/sitio\/wp-json\/wp\/v2\/comments?post=35062"}],"version-history":[{"count":1,"href":"https:\/\/vocesparalelas.com.ar\/sitio\/wp-json\/wp\/v2\/posts\/35062\/revisions"}],"predecessor-version":[{"id":35065,"href":"https:\/\/vocesparalelas.com.ar\/sitio\/wp-json\/wp\/v2\/posts\/35062\/revisions\/35065"}],"wp:featuredmedia":[{"embeddable":true,"href":"https:\/\/vocesparalelas.com.ar\/sitio\/wp-json\/wp\/v2\/media\/35064"}],"wp:attachment":[{"href":"https:\/\/vocesparalelas.com.ar\/sitio\/wp-json\/wp\/v2\/media?parent=35062"}],"wp:term":[{"taxonomy":"category","embeddable":true,"href":"https:\/\/vocesparalelas.com.ar\/sitio\/wp-json\/wp\/v2\/categories?post=35062"},{"taxonomy":"post_tag","embeddable":true,"href":"https:\/\/vocesparalelas.com.ar\/sitio\/wp-json\/wp\/v2\/tags?post=35062"}],"curies":[{"name":"wp","href":"https:\/\/api.w.org\/{rel}","templated":true}]}}