{"id":35056,"date":"2021-02-10T21:45:07","date_gmt":"2021-02-11T00:45:07","guid":{"rendered":"http:\/\/vocesparalelas.com.ar\/sitio\/?p=35056"},"modified":"2021-02-10T22:16:22","modified_gmt":"2021-02-11T01:16:22","slug":"dialogaron-y-diagramaron-el-presente-y-el-futuro-laboral-de-la-region","status":"publish","type":"post","link":"https:\/\/vocesparalelas.com.ar\/sitio\/dialogaron-y-diagramaron-el-presente-y-el-futuro-laboral-de-la-region\/","title":{"rendered":"Dialogaron y diagramaron el presente y el futuro laboral de la regi\u00f3n"},"content":{"rendered":"<p>el gobernador Sergio U\u00f1ac junto con el ministro de Producci\u00f3n y Desarrollo Econ\u00f3mico, Lic. Andr\u00e9s D\u00edaz Cano; recibi\u00f3 a la c\u00fapula dirigencial de la secretaria de Agricultura Familiar presidida por Miguel \u00c1ngel G\u00f3mez, secretario de Agricultura Familiar Campesina Ind\u00edgena.<\/p>\n<p>La visita tuvo lugar en Casa de Gobierno y tuvo como eje principal dialogar y diagramar el presente y futuro laboral de toda la regi\u00f3n.<\/p>\n<p>Al t\u00e9rmino de la visita, D\u00edaz Cano detall\u00f3 lo acontecido destacando que \u201cquien ha venido es Miguel \u00c1ngel G\u00f3mez, secretario de Agricultura Familiar Campesina Ind\u00edgena del ministerio de Cultura de la Naci\u00f3n. Est\u00e1 haciendo un recorrido por toda la regi\u00f3n trabajando principalmente en los temas internos que tienen abocados a los despidos de los \u00faltimos 4 a\u00f1os. Ahora se encuentran reincorporando la gente que fue despedida en su momento y tratando de unificar trabajos entre la secretar\u00eda de Agricultura Familiar ac\u00e1 de la provincia con el ministerio de la Producci\u00f3n para ser m\u00e1s eficientes y poder llegar a m\u00e1s lugares\u201d.<\/p>\n<p><img loading=\"lazy\" decoding=\"async\" class=\"alignnone wp-image-35059 size-full\" src=\"https:\/\/vocesparalelas.com.ar\/sitio\/wp-content\/uploads\/2021\/02\/AGRICULTURA-02.jpg\" alt=\"\" width=\"800\" height=\"540\" srcset=\"https:\/\/vocesparalelas.com.ar\/sitio\/wp-content\/uploads\/2021\/02\/AGRICULTURA-02.jpg 800w, https:\/\/vocesparalelas.com.ar\/sitio\/wp-content\/uploads\/2021\/02\/AGRICULTURA-02-300x203.jpg 300w, https:\/\/vocesparalelas.com.ar\/sitio\/wp-content\/uploads\/2021\/02\/AGRICULTURA-02-768x518.jpg 768w\" sizes=\"auto, (max-width: 800px) 100vw, 800px\" \/><\/p>\n<p>Acompa\u00f1ando al secretario de Agricultura Familiar Campesina Ind\u00edgena estuvieron el diputado por la provincia de San Luis, Sergio Amieva; el coordinador de la SAFCI de la provincia de Mendoza, Lautaro Cruciani; los coordinadores de SAFCI de la provincia de San Juan, Leslie Soria y Daniel Banega; el coordinador de la SAFCI de la provincia de San Luis, Roberto Fern\u00e1ndez; el coordinador regional de la SAFCI, Daniel Sosa; el secretario de Agricultura, Ganader\u00eda y Agroindustria de San Juan, Marcelo Balderramo; y el director de Cooperativas, David Dom\u00ednguez.<\/p>\n<p>&nbsp;<\/p>\n<p><iframe loading=\"lazy\" title=\"U\u00f1ac recibi\u00f3 a autoridades de la secretaria de Agricultura Familiar\" width=\"800\" height=\"450\" src=\"https:\/\/www.youtube.com\/embed\/wzgambtSyJ0?feature=oembed\" frameborder=\"0\" allow=\"accelerometer; autoplay; clipboard-write; encrypted-media; gyroscope; picture-in-picture\" allowfullscreen><\/iframe><\/p>\n","protected":false},"excerpt":{"rendered":"<p>el gobernador Sergio U\u00f1ac junto con el ministro de Producci\u00f3n y Desarrollo Econ\u00f3mico, Lic. Andr\u00e9s D\u00edaz Cano; recibi\u00f3 a la<\/p>\n","protected":false},"author":3,"featured_media":35058,"comment_status":"closed","ping_status":"closed","sticky":false,"template":"","format":"video","meta":{"_acf_changed":false,"_seopress_robots_primary_cat":"none","_seopress_titles_title":"","_seopress_titles_desc":"","_seopress_robots_index":"","colormag_page_container_layout":"default_layout","colormag_page_sidebar_layout":"default_layout","footnotes":""},"categories":[1,7],"tags":[],"class_list":["post-35056","post","type-post","status-publish","format-video","has-post-thumbnail","hentry","category-destacadas","category-videos","post_format-post-format-video"],"acf":[],"_links":{"self":[{"href":"https:\/\/vocesparalelas.com.ar\/sitio\/wp-json\/wp\/v2\/posts\/35056","targetHints":{"allow":["GET"]}}],"collection":[{"href":"https:\/\/vocesparalelas.com.ar\/sitio\/wp-json\/wp\/v2\/posts"}],"about":[{"href":"https:\/\/vocesparalelas.com.ar\/sitio\/wp-json\/wp\/v2\/types\/post"}],"author":[{"embeddable":true,"href":"https:\/\/vocesparalelas.com.ar\/sitio\/wp-json\/wp\/v2\/users\/3"}],"replies":[{"embeddable":true,"href":"https:\/\/vocesparalelas.com.ar\/sitio\/wp-json\/wp\/v2\/comments?post=35056"}],"version-history":[{"count":1,"href":"https:\/\/vocesparalelas.com.ar\/sitio\/wp-json\/wp\/v2\/posts\/35056\/revisions"}],"predecessor-version":[{"id":35060,"href":"https:\/\/vocesparalelas.com.ar\/sitio\/wp-json\/wp\/v2\/posts\/35056\/revisions\/35060"}],"wp:featuredmedia":[{"embeddable":true,"href":"https:\/\/vocesparalelas.com.ar\/sitio\/wp-json\/wp\/v2\/media\/35058"}],"wp:attachment":[{"href":"https:\/\/vocesparalelas.com.ar\/sitio\/wp-json\/wp\/v2\/media?parent=35056"}],"wp:term":[{"taxonomy":"category","embeddable":true,"href":"https:\/\/vocesparalelas.com.ar\/sitio\/wp-json\/wp\/v2\/categories?post=35056"},{"taxonomy":"post_tag","embeddable":true,"href":"https:\/\/vocesparalelas.com.ar\/sitio\/wp-json\/wp\/v2\/tags?post=35056"}],"curies":[{"name":"wp","href":"https:\/\/api.w.org\/{rel}","templated":true}]}}