{"id":35043,"date":"2021-02-10T14:57:17","date_gmt":"2021-02-10T17:57:17","guid":{"rendered":"http:\/\/vocesparalelas.com.ar\/sitio\/?p=35043"},"modified":"2021-02-11T18:29:00","modified_gmt":"2021-02-11T21:29:00","slug":"dos-edificios-historicos-permanecen-cerrados-mientras-continuan-las-inspecciones-posterremoto-de-san-juan","status":"publish","type":"post","link":"https:\/\/vocesparalelas.com.ar\/sitio\/dos-edificios-historicos-permanecen-cerrados-mientras-continuan-las-inspecciones-posterremoto-de-san-juan\/","title":{"rendered":"Dos edificios hist\u00f3ricos permanecen cerrados mientras contin\u00faan las inspecciones posterremoto de San Juan"},"content":{"rendered":"<p>Luego del sismo que aconteci\u00f3 en la provincia el 18 de enero de este a\u00f1o, el Ministerio de Turismo y Cultura del Gobierno de San Juan, a trav\u00e9s de la Direcci\u00f3n de Patrimonio Cultural, integr\u00f3 una comisi\u00f3n con el Instituto Nacional de Prevenci\u00f3n S\u00edsmica, la Direcci\u00f3n de Planeamiento y Desarrollo Urbano, Protecci\u00f3n Civil, entidades profesionales de la Ingenier\u00eda y otras organizaciones.<\/p>\n<p>Dicho comit\u00e9 llev\u00f3 adelante una inspecci\u00f3n en los principales edificios declarados en la provincia, entre los que se incluy\u00f3 el Auditorio Juan Victoria y el Museo Hist\u00f3rico Provincial Agust\u00edn Gnecco.<\/p>\n<figure id=\"attachment_7270\" aria-describedby=\"caption-attachment-7270\" style=\"width: 800px\" class=\"wp-caption alignnone\"><img loading=\"lazy\" decoding=\"async\" class=\"wp-image-7270 size-large\" src=\"https:\/\/vocesparalelas.com.ar\/sitio\/wp-content\/uploads\/2017\/11\/MUSEO-GNECCO-8-800x532.jpg\" alt=\"\" width=\"800\" height=\"532\" srcset=\"https:\/\/vocesparalelas.com.ar\/sitio\/wp-content\/uploads\/2017\/11\/MUSEO-GNECCO-8-800x532.jpg 800w, https:\/\/vocesparalelas.com.ar\/sitio\/wp-content\/uploads\/2017\/11\/MUSEO-GNECCO-8-300x200.jpg 300w, https:\/\/vocesparalelas.com.ar\/sitio\/wp-content\/uploads\/2017\/11\/MUSEO-GNECCO-8-768x511.jpg 768w, https:\/\/vocesparalelas.com.ar\/sitio\/wp-content\/uploads\/2017\/11\/MUSEO-GNECCO-8.jpg 1024w\" sizes=\"auto, (max-width: 800px) 100vw, 800px\" \/><figcaption id=\"caption-attachment-7270\" class=\"wp-caption-text\">Museo Hist\u00f3rico Provincial Agust\u00edn Gnecco<\/figcaption><\/figure>\n<p>En l\u00edneas generales, el comit\u00e9 observ\u00f3 la ca\u00edda de mobiliario, artefactos de iluminaci\u00f3n, rotura de vidrios, desprendimiento de cielorrasos molduras y z\u00f3calos y fisuras de conformaci\u00f3n y dimensiones diversas.<\/p>\n<p>Por esta raz\u00f3n, ambos espacios dependientes del Ministerio de Turismo y Cultura cerraron sus puertas al p\u00fablico, preventivamente, hasta nuevo aviso, mientras contin\u00faa el relevamiento.<\/p>\n<p>Actualmente, tanto la Direcci\u00f3n de Planeamiento y Desarrollo Urbano, Polic\u00eda de la Provincia, como el INPRES y las dem\u00e1s \u00e1reas y organismos trabajan en la\u00a0elaboraci\u00f3n de los informes de dicha inspecciones que ser\u00e1n presentadas al Ministerio de Turismo y Cultura para su conocimiento y determinaci\u00f3n posterior junto a otras \u00e1reas del Gobierno de San Juan.<\/p>\n<p>Posteriormente, la Secretar\u00eda de Cultura, Autoridad de Aplicaci\u00f3n de la Ley 571-F, presenta dichos informes al Consejo Provincial de Patrimonio Natural y Cultural a trav\u00e9s de una reuni\u00f3n virtual que convocar\u00e1 al tal efecto.<\/p>\n<p>As\u00ed mismo, se notificar\u00e1 a la Comisi\u00f3n Nacional de Monumentos de Lugares y de Bienes Hist\u00f3ricos y a las autoridades nacionales respectivas, en el caso de bienes declarados por esa jurisdicci\u00f3n.<\/p>\n<p><strong><span style=\"color: #99cc00;\">Auditorio Juan Victoria <\/span><\/strong><\/p>\n<p><img loading=\"lazy\" decoding=\"async\" class=\"alignnone wp-image-35074 size-full\" src=\"https:\/\/vocesparalelas.com.ar\/sitio\/wp-content\/uploads\/2021\/02\/AUDITORIO-04.jpg\" alt=\"\" width=\"800\" height=\"600\" srcset=\"https:\/\/vocesparalelas.com.ar\/sitio\/wp-content\/uploads\/2021\/02\/AUDITORIO-04.jpg 800w, https:\/\/vocesparalelas.com.ar\/sitio\/wp-content\/uploads\/2021\/02\/AUDITORIO-04-300x225.jpg 300w, https:\/\/vocesparalelas.com.ar\/sitio\/wp-content\/uploads\/2021\/02\/AUDITORIO-04-768x576.jpg 768w\" sizes=\"auto, (max-width: 800px) 100vw, 800px\" \/><\/p>\n<p><img loading=\"lazy\" decoding=\"async\" class=\"alignnone wp-image-35075 size-full\" src=\"https:\/\/vocesparalelas.com.ar\/sitio\/wp-content\/uploads\/2021\/02\/AUDITORIO-01.jpg\" alt=\"\" width=\"800\" height=\"600\" srcset=\"https:\/\/vocesparalelas.com.ar\/sitio\/wp-content\/uploads\/2021\/02\/AUDITORIO-01.jpg 800w, https:\/\/vocesparalelas.com.ar\/sitio\/wp-content\/uploads\/2021\/02\/AUDITORIO-01-300x225.jpg 300w, https:\/\/vocesparalelas.com.ar\/sitio\/wp-content\/uploads\/2021\/02\/AUDITORIO-01-768x576.jpg 768w\" sizes=\"auto, (max-width: 800px) 100vw, 800px\" \/><\/p>\n<p><img loading=\"lazy\" decoding=\"async\" class=\"wp-image-35076 size-large aligncenter\" src=\"https:\/\/vocesparalelas.com.ar\/sitio\/wp-content\/uploads\/2021\/02\/AUDITORIO-02-600x800.jpg\" alt=\"\" width=\"600\" height=\"800\" srcset=\"https:\/\/vocesparalelas.com.ar\/sitio\/wp-content\/uploads\/2021\/02\/AUDITORIO-02-600x800.jpg 600w, https:\/\/vocesparalelas.com.ar\/sitio\/wp-content\/uploads\/2021\/02\/AUDITORIO-02-225x300.jpg 225w, https:\/\/vocesparalelas.com.ar\/sitio\/wp-content\/uploads\/2021\/02\/AUDITORIO-02.jpg 768w\" sizes=\"auto, (max-width: 600px) 100vw, 600px\" \/><\/p>\n<p><img loading=\"lazy\" decoding=\"async\" class=\"alignnone wp-image-35077 size-full\" src=\"https:\/\/vocesparalelas.com.ar\/sitio\/wp-content\/uploads\/2021\/02\/AUDITORIO-03.jpg\" alt=\"\" width=\"800\" height=\"600\" srcset=\"https:\/\/vocesparalelas.com.ar\/sitio\/wp-content\/uploads\/2021\/02\/AUDITORIO-03.jpg 800w, https:\/\/vocesparalelas.com.ar\/sitio\/wp-content\/uploads\/2021\/02\/AUDITORIO-03-300x225.jpg 300w, https:\/\/vocesparalelas.com.ar\/sitio\/wp-content\/uploads\/2021\/02\/AUDITORIO-03-768x576.jpg 768w\" sizes=\"auto, (max-width: 800px) 100vw, 800px\" \/><\/p>\n<p><span style=\"color: #99cc00;\"><strong>Museo Hist\u00f3rico Provincial Agust\u00edn Gnecco<\/strong><\/span><\/p>\n<p><img loading=\"lazy\" decoding=\"async\" class=\"wp-image-35080 size-large aligncenter\" src=\"https:\/\/vocesparalelas.com.ar\/sitio\/wp-content\/uploads\/2021\/02\/MUSEO-GNECCO-01-450x800.jpg\" alt=\"\" width=\"450\" height=\"800\" srcset=\"https:\/\/vocesparalelas.com.ar\/sitio\/wp-content\/uploads\/2021\/02\/MUSEO-GNECCO-01-450x800.jpg 450w, https:\/\/vocesparalelas.com.ar\/sitio\/wp-content\/uploads\/2021\/02\/MUSEO-GNECCO-01-169x300.jpg 169w, https:\/\/vocesparalelas.com.ar\/sitio\/wp-content\/uploads\/2021\/02\/MUSEO-GNECCO-01.jpg 576w\" sizes=\"auto, (max-width: 450px) 100vw, 450px\" \/><\/p>\n<p><img loading=\"lazy\" decoding=\"async\" class=\"alignnone wp-image-35081 size-full\" src=\"https:\/\/vocesparalelas.com.ar\/sitio\/wp-content\/uploads\/2021\/02\/MUSEO-GNECCO-02.jpg\" alt=\"\" width=\"800\" height=\"370\" srcset=\"https:\/\/vocesparalelas.com.ar\/sitio\/wp-content\/uploads\/2021\/02\/MUSEO-GNECCO-02.jpg 800w, https:\/\/vocesparalelas.com.ar\/sitio\/wp-content\/uploads\/2021\/02\/MUSEO-GNECCO-02-300x139.jpg 300w, https:\/\/vocesparalelas.com.ar\/sitio\/wp-content\/uploads\/2021\/02\/MUSEO-GNECCO-02-768x355.jpg 768w\" sizes=\"auto, (max-width: 800px) 100vw, 800px\" \/><\/p>\n<p><img loading=\"lazy\" decoding=\"async\" class=\"alignnone wp-image-35082 size-full\" src=\"https:\/\/vocesparalelas.com.ar\/sitio\/wp-content\/uploads\/2021\/02\/MUSEO-GNECCO-03.jpg\" alt=\"\" width=\"800\" height=\"370\" srcset=\"https:\/\/vocesparalelas.com.ar\/sitio\/wp-content\/uploads\/2021\/02\/MUSEO-GNECCO-03.jpg 800w, https:\/\/vocesparalelas.com.ar\/sitio\/wp-content\/uploads\/2021\/02\/MUSEO-GNECCO-03-300x139.jpg 300w, https:\/\/vocesparalelas.com.ar\/sitio\/wp-content\/uploads\/2021\/02\/MUSEO-GNECCO-03-768x355.jpg 768w\" sizes=\"auto, (max-width: 800px) 100vw, 800px\" \/><\/p>\n<p>Las fotos ilustran algunos deterioros en la manposter\u00eda en\u00a0cada edificio como consecuencias del Terremoto en San Juan del 18 de Enero\u00a0\u00a0y que refleja la intensidad del movimiento vivido.<\/p>\n<p>&nbsp;<\/p>\n","protected":false},"excerpt":{"rendered":"<p>Luego del sismo que aconteci\u00f3 en la provincia el 18 de enero de este a\u00f1o, el Ministerio de Turismo y<\/p>\n","protected":false},"author":3,"featured_media":4322,"comment_status":"closed","ping_status":"closed","sticky":false,"template":"","format":"standard","meta":{"_acf_changed":false,"_seopress_robots_primary_cat":"none","_seopress_titles_title":"","_seopress_titles_desc":"","_seopress_robots_index":"","colormag_page_container_layout":"default_layout","colormag_page_sidebar_layout":"default_layout","footnotes":""},"categories":[20],"tags":[],"class_list":["post-35043","post","type-post","status-publish","format-standard","has-post-thumbnail","hentry","category-cartelera"],"acf":[],"_links":{"self":[{"href":"https:\/\/vocesparalelas.com.ar\/sitio\/wp-json\/wp\/v2\/posts\/35043","targetHints":{"allow":["GET"]}}],"collection":[{"href":"https:\/\/vocesparalelas.com.ar\/sitio\/wp-json\/wp\/v2\/posts"}],"about":[{"href":"https:\/\/vocesparalelas.com.ar\/sitio\/wp-json\/wp\/v2\/types\/post"}],"author":[{"embeddable":true,"href":"https:\/\/vocesparalelas.com.ar\/sitio\/wp-json\/wp\/v2\/users\/3"}],"replies":[{"embeddable":true,"href":"https:\/\/vocesparalelas.com.ar\/sitio\/wp-json\/wp\/v2\/comments?post=35043"}],"version-history":[{"count":4,"href":"https:\/\/vocesparalelas.com.ar\/sitio\/wp-json\/wp\/v2\/posts\/35043\/revisions"}],"predecessor-version":[{"id":35083,"href":"https:\/\/vocesparalelas.com.ar\/sitio\/wp-json\/wp\/v2\/posts\/35043\/revisions\/35083"}],"wp:featuredmedia":[{"embeddable":true,"href":"https:\/\/vocesparalelas.com.ar\/sitio\/wp-json\/wp\/v2\/media\/4322"}],"wp:attachment":[{"href":"https:\/\/vocesparalelas.com.ar\/sitio\/wp-json\/wp\/v2\/media?parent=35043"}],"wp:term":[{"taxonomy":"category","embeddable":true,"href":"https:\/\/vocesparalelas.com.ar\/sitio\/wp-json\/wp\/v2\/categories?post=35043"},{"taxonomy":"post_tag","embeddable":true,"href":"https:\/\/vocesparalelas.com.ar\/sitio\/wp-json\/wp\/v2\/tags?post=35043"}],"curies":[{"name":"wp","href":"https:\/\/api.w.org\/{rel}","templated":true}]}}