{"id":34982,"date":"2021-02-08T23:20:58","date_gmt":"2021-02-09T02:20:58","guid":{"rendered":"http:\/\/vocesparalelas.com.ar\/sitio\/?p=34982"},"modified":"2021-02-10T01:58:58","modified_gmt":"2021-02-10T04:58:58","slug":"se-regularizo-la-situacion-laboral-de-los-docentes-de-la-unsj","status":"publish","type":"post","link":"https:\/\/vocesparalelas.com.ar\/sitio\/se-regularizo-la-situacion-laboral-de-los-docentes-de-la-unsj\/","title":{"rendered":"Se regulariz\u00f3 la situaci\u00f3n laboral de los docentes de la UNSJ"},"content":{"rendered":"<p>El Lunes, 18 de Febrero, se desarroll\u00f3 la 2\u00b0 reuni\u00f3n paritaria local docente de la UNSJ, con la participaci\u00f3n de los miembros paritarios en representaci\u00f3n de ADICUS.<\/p>\n<p>En la misma se discuti\u00f3 acerca del mecanismo de regularizaci\u00f3n directa para la aplicaci\u00f3n del Art\u00edculo 73 del Convenio Colectivo de Trabajo.<\/p>\n<p>Se decidi\u00f3 regularizar, desde el 8 de febrero del 2021, a los docentes que aprobaron coloquio, a los docentes cuya situaci\u00f3n de revista fue verificada por las CCUT y aprobada por la Comisi\u00f3n Negociadora Paritaria de Nivel Particular de los Docentes en el marco del Acta N\u00b095.<\/p>\n<p>Asimismo, las CCUT deben continuar con el proceso de verificaci\u00f3n de regularizaci\u00f3n establecido en las Actas Paritarias previas.<\/p>\n<p>Tambi\u00e9n, se trat\u00f3 y se aprob\u00f3 el acta N\u00b0 9 de la CCUT de la Facultad de Ingenier\u00eda, con su respectivo anexo.<\/p>\n<p>Con el acta firmada en el d\u00eda de la fecha, cada unidad acad\u00e9mica debe dictar su resoluci\u00f3n colectiva o individual para que todos los docentes regularicen su situaci\u00f3n.<\/p>\n<p>Desde ADICUS siguen trabajando para el pleno cumplimiento del Convenio Colectivo de Trabajo y en defensa de los derechos laborales como lo es el ingreso a la Carrera Docente que garantiza la estabilidad laboral.<\/p>\n<p>&nbsp;<\/p>\n<p><img loading=\"lazy\" decoding=\"async\" class=\"alignnone wp-image-34984 size-full\" src=\"https:\/\/vocesparalelas.com.ar\/sitio\/wp-content\/uploads\/2021\/02\/ADICUS-PARITARIA-UNSJ.jpg\" alt=\"\" width=\"800\" height=\"533\" \/><\/p>\n<p>&nbsp;<\/p>\n<p>&nbsp;<\/p>\n<p>&nbsp;<\/p>\n<p>&nbsp;<\/p>\n","protected":false},"excerpt":{"rendered":"<p>El Lunes, 18 de Febrero, se desarroll\u00f3 la 2\u00b0 reuni\u00f3n paritaria local docente de la UNSJ, con la participaci\u00f3n de<\/p>\n","protected":false},"author":3,"featured_media":12481,"comment_status":"closed","ping_status":"closed","sticky":false,"template":"","format":"standard","meta":{"_acf_changed":false,"_seopress_robots_primary_cat":"none","_seopress_titles_title":"","_seopress_titles_desc":"","_seopress_robots_index":"","colormag_page_container_layout":"default_layout","colormag_page_sidebar_layout":"default_layout","footnotes":""},"categories":[2],"tags":[],"class_list":["post-34982","post","type-post","status-publish","format-standard","has-post-thumbnail","hentry","category-convocatorias"],"acf":[],"_links":{"self":[{"href":"https:\/\/vocesparalelas.com.ar\/sitio\/wp-json\/wp\/v2\/posts\/34982","targetHints":{"allow":["GET"]}}],"collection":[{"href":"https:\/\/vocesparalelas.com.ar\/sitio\/wp-json\/wp\/v2\/posts"}],"about":[{"href":"https:\/\/vocesparalelas.com.ar\/sitio\/wp-json\/wp\/v2\/types\/post"}],"author":[{"embeddable":true,"href":"https:\/\/vocesparalelas.com.ar\/sitio\/wp-json\/wp\/v2\/users\/3"}],"replies":[{"embeddable":true,"href":"https:\/\/vocesparalelas.com.ar\/sitio\/wp-json\/wp\/v2\/comments?post=34982"}],"version-history":[{"count":1,"href":"https:\/\/vocesparalelas.com.ar\/sitio\/wp-json\/wp\/v2\/posts\/34982\/revisions"}],"predecessor-version":[{"id":34985,"href":"https:\/\/vocesparalelas.com.ar\/sitio\/wp-json\/wp\/v2\/posts\/34982\/revisions\/34985"}],"wp:featuredmedia":[{"embeddable":true,"href":"https:\/\/vocesparalelas.com.ar\/sitio\/wp-json\/wp\/v2\/media\/12481"}],"wp:attachment":[{"href":"https:\/\/vocesparalelas.com.ar\/sitio\/wp-json\/wp\/v2\/media?parent=34982"}],"wp:term":[{"taxonomy":"category","embeddable":true,"href":"https:\/\/vocesparalelas.com.ar\/sitio\/wp-json\/wp\/v2\/categories?post=34982"},{"taxonomy":"post_tag","embeddable":true,"href":"https:\/\/vocesparalelas.com.ar\/sitio\/wp-json\/wp\/v2\/tags?post=34982"}],"curies":[{"name":"wp","href":"https:\/\/api.w.org\/{rel}","templated":true}]}}