{"id":34955,"date":"2021-02-08T12:34:50","date_gmt":"2021-02-08T15:34:50","guid":{"rendered":"http:\/\/vocesparalelas.com.ar\/sitio\/?p=34955"},"modified":"2021-02-08T12:48:37","modified_gmt":"2021-02-08T15:48:37","slug":"se-recibio-las-1-casas-prefabricadas-donadas-por-el-gobierno-de-misiones-destinadas-a-los-damnificados-del-terremoto-en-san-juan","status":"publish","type":"post","link":"https:\/\/vocesparalelas.com.ar\/sitio\/se-recibio-las-1-casas-prefabricadas-donadas-por-el-gobierno-de-misiones-destinadas-a-los-damnificados-del-terremoto-en-san-juan\/","title":{"rendered":"Se recibi\u00f3 las 1\u00b0 casas prefabricadas donadas por el Gobierno de Misiones destinadas a los damnificados del Terremoto en San Juan"},"content":{"rendered":"<p>Durante el fin de semana, arrib\u00f3 a San Juan, las primeras viviendas prefabricadas que don\u00f3 el Gobierno de Misiones, para asistir a las familias damnificadas por el terremoto.<\/p>\n<p>Se trata de un total de 25 viviendas de madera, que brindan una soluci\u00f3n permanente a las familias de la localidad de El Abanico, Departamento Pocito.<\/p>\n<p>Cada vivienda cuenta con una superficie total de 33,416 m<sup>2<\/sup> y est\u00e1 compuesta por dos dormitorios, un ba\u00f1o, cocina, estar-comedor y lavadero. La estructura exterior est\u00e1 compuesta de paneles de madera de pino resinoso, al igual que la estructura interior de las viviendas.<\/p>\n<p>Luego del relevamiento social realizado por el Ministerio de Desarrollo Humano y Promoci\u00f3n Social, el Ministerio de Obras est\u00e1 a cargo de la colocaci\u00f3n de las viviendas. Para ello, asistieron profesionales del proveedor que capacitar\u00e1n al personal de la Direcci\u00f3n de Mantenimiento y Obras Menores para la instalaci\u00f3n. El montaje de cada vivienda llevar\u00eda aproximadamente tres d\u00edas.<\/p>\n<p>Adolfo V\u00e1zquez, secretario de Servicios P\u00fablicos, expres\u00f3 que \u00abdesde que ocurri\u00f3 el terremoto el pasado lunes 18, hemos trabajado en la asistencia de viviendas afectadas, como as\u00ed tambi\u00e9n en el aporte de materiales de construcci\u00f3n y equipos t\u00e9cnicos. Ahora, sumamos la instalaci\u00f3n de las viviendas donadas por el Gobierno de Misiones. \u00c9sta es la primera de varias tandas que llegar\u00e1n. Es importante destacar que son una soluci\u00f3n permanente para las familias que las reciban\u201d.<\/p>\n<p>&nbsp;<\/p>\n<p><img loading=\"lazy\" decoding=\"async\" class=\"alignnone wp-image-34525 size-full\" src=\"https:\/\/vocesparalelas.com.ar\/sitio\/wp-content\/uploads\/2021\/01\/MISIONES-CASAS.jpg\" alt=\"\" width=\"800\" height=\"450\" srcset=\"https:\/\/vocesparalelas.com.ar\/sitio\/wp-content\/uploads\/2021\/01\/MISIONES-CASAS.jpg 800w, https:\/\/vocesparalelas.com.ar\/sitio\/wp-content\/uploads\/2021\/01\/MISIONES-CASAS-300x169.jpg 300w, https:\/\/vocesparalelas.com.ar\/sitio\/wp-content\/uploads\/2021\/01\/MISIONES-CASAS-768x432.jpg 768w\" sizes=\"auto, (max-width: 800px) 100vw, 800px\" \/><\/p>\n","protected":false},"excerpt":{"rendered":"<p>Durante el fin de semana, arrib\u00f3 a San Juan, las primeras viviendas prefabricadas que don\u00f3 el Gobierno de Misiones, para<\/p>\n","protected":false},"author":3,"featured_media":34957,"comment_status":"closed","ping_status":"closed","sticky":false,"template":"","format":"standard","meta":{"_acf_changed":false,"_seopress_robots_primary_cat":"none","_seopress_titles_title":"","_seopress_titles_desc":"","_seopress_robots_index":"","colormag_page_container_layout":"default_layout","colormag_page_sidebar_layout":"default_layout","footnotes":""},"categories":[1],"tags":[],"class_list":["post-34955","post","type-post","status-publish","format-standard","has-post-thumbnail","hentry","category-destacadas"],"acf":[],"_links":{"self":[{"href":"https:\/\/vocesparalelas.com.ar\/sitio\/wp-json\/wp\/v2\/posts\/34955","targetHints":{"allow":["GET"]}}],"collection":[{"href":"https:\/\/vocesparalelas.com.ar\/sitio\/wp-json\/wp\/v2\/posts"}],"about":[{"href":"https:\/\/vocesparalelas.com.ar\/sitio\/wp-json\/wp\/v2\/types\/post"}],"author":[{"embeddable":true,"href":"https:\/\/vocesparalelas.com.ar\/sitio\/wp-json\/wp\/v2\/users\/3"}],"replies":[{"embeddable":true,"href":"https:\/\/vocesparalelas.com.ar\/sitio\/wp-json\/wp\/v2\/comments?post=34955"}],"version-history":[{"count":1,"href":"https:\/\/vocesparalelas.com.ar\/sitio\/wp-json\/wp\/v2\/posts\/34955\/revisions"}],"predecessor-version":[{"id":34958,"href":"https:\/\/vocesparalelas.com.ar\/sitio\/wp-json\/wp\/v2\/posts\/34955\/revisions\/34958"}],"wp:featuredmedia":[{"embeddable":true,"href":"https:\/\/vocesparalelas.com.ar\/sitio\/wp-json\/wp\/v2\/media\/34957"}],"wp:attachment":[{"href":"https:\/\/vocesparalelas.com.ar\/sitio\/wp-json\/wp\/v2\/media?parent=34955"}],"wp:term":[{"taxonomy":"category","embeddable":true,"href":"https:\/\/vocesparalelas.com.ar\/sitio\/wp-json\/wp\/v2\/categories?post=34955"},{"taxonomy":"post_tag","embeddable":true,"href":"https:\/\/vocesparalelas.com.ar\/sitio\/wp-json\/wp\/v2\/tags?post=34955"}],"curies":[{"name":"wp","href":"https:\/\/api.w.org\/{rel}","templated":true}]}}