{"id":34942,"date":"2021-02-07T23:48:35","date_gmt":"2021-02-08T02:48:35","guid":{"rendered":"http:\/\/vocesparalelas.com.ar\/sitio\/?p=34942"},"modified":"2021-02-08T23:41:27","modified_gmt":"2021-02-09T02:41:27","slug":"conferencia-reactivacion-economica-2021-lineamientos-para-el-desarrollo-productivo-de-la-argentina","status":"publish","type":"post","link":"https:\/\/vocesparalelas.com.ar\/sitio\/conferencia-reactivacion-economica-2021-lineamientos-para-el-desarrollo-productivo-de-la-argentina\/","title":{"rendered":"Conferencia \u201cReactivaci\u00f3n Econ\u00f3mica 2021. Lineamientos para el Desarrollo Productivo de la Argentina\u201d"},"content":{"rendered":"<p>Durante la jornada del S\u00e1bado, 6 de Febrero, en la Sala Rogelio Cerdera de Casa de Gobierno de San Juan, se llev\u00f3 a cabo la conferencia \u201cReactivaci\u00f3n Econ\u00f3mica 2021. Lineamientos para el Desarrollo Productivo de la Argentina\u201d a cargo del ministro de Desarrollo Productivo de la Naci\u00f3n, Lic. Mat\u00edas Kulfas, que estuvo acompa\u00f1ado por el gobernador, Dr. Sergio U\u00f1ac.<\/p>\n<p>Estuvieron presentes adem\u00e1s, el vicegobernador CPN Roberto Gattoni; el secretario de Miner\u00eda de la Naci\u00f3n, Dr. Alberto Hensel; el secretario de Peque\u00f1a y Mediana Empresa y de los Emprendedores de la Naci\u00f3n, Guillermo Mederiz; el ministro de Miner\u00eda de San Juan, Ing. Carlos Astudillo; el ministro de Producci\u00f3n, Lic. Andr\u00e9s D\u00edaz Cano, el secretario de Ambiente y Desarrollo Sustentable, Lic. Ra\u00fal Tello; la ministro de Hacienda y Finanzas, CPN Marisa L\u00f3pez, el secretario de Ciencia y T\u00e9cnica, Ing. Tulio Del Bono; la comitiva del ministro Mat\u00edas Kulfas, los rectores de la UCCuyo, Lic. Claudio Larrea; de la UNSJ, Dr. Oscar Nasisi; responsable de la Universidad Siglo XXI, Nicol\u00e1s Valentino; responsable de la Universidad Congreso, Nicol\u00e1s Riveros; decanos; por la CGT, Julio Figueroha; presidente de la Uni\u00f3n Industrial, Ing. Hugo Goransky; presidente de la Federaci\u00f3n Econ\u00f3mica, Dino Minozzi; director del Observatorio Casleo, Dr. Sergio Cellone; director del Instituto de El\u00e9ctrica, Ing. Marcelo Molina y por el Instituto de Autom\u00e1tica, Ing. Vicente Mut.<\/p>\n<p>Antes de comenzar la disertaci\u00f3n del ministro Kulgas, el gobernador U\u00f1ac le dio las gracias al funcionario nacional por haber pasado tres d\u00edas en la provincia. \u201cHan sido casi tres d\u00edas donde hemos mirado lo que hemos construido, en definitiva lo que tendremos que seguir construyendo en conjunto entre Naci\u00f3n, Provincia y municipios. Gracias al ministro Kulfas por haber sido parte estos d\u00edas de la realidad de la provincia\u201d, dijo el mandatario quien agreg\u00f3 adem\u00e1s que \u201cnos sentimos reconfortados con la visita del ministro. Hicimos una agenda para mostrar esta diversificaci\u00f3n de la matriz productiva que hemos logrado en San Juan. Creo que las cosas que se construyeron, que fueron producto del esfuerzo de los sanjuaninos, pero tambi\u00e9n con el acompa\u00f1amiento del gobierno nacional este \u00faltimo a\u00f1o, nos hace sentir que estamos en un pa\u00eds que tiene un proyecto federal, que las distintas actividades y fundamentalmente las distintas miradas que se debe tener de las econom\u00edas regionales debe ser una mirada ampliada. Que en alg\u00fan momento signific\u00f3 de traslado hacia el puerto. Me parece que hoy hay que tomar un camino inverso. Empezar a generar oportunidades en el interior para que se encuentre un destino propicio y para eso, el presente y el futuro de las econom\u00edas regionales es vital\u201d.<\/p>\n<p>U\u00f1ac habl\u00f3 adem\u00e1s de la diversificaci\u00f3n productiva que se est\u00e1 dando en la provincia que \u201cen San Juan hemos incorporado actividades econ\u00f3micas, sumamos la vitivinicultura, la industria. Ambas se vieron fortalecidas con la miner\u00eda, como el turismo, el comercio, la obra p\u00fablica y las energ\u00edas renovables. Estas miradas nos hacen pensar que todos tenemos un presente y un futuro ac\u00e1 para cada uno de los sanjuaninos. Por eso la mirada tiene que ser federal. Por eso agradecemos la presencia del Gobierno Nacional para con San Juan.\u201d<\/p>\n<p>El ministro Kulfas comenz\u00f3 su disertaci\u00f3n refiri\u00e9ndose a su estada en San Juan. \u201cHan sido d\u00edas muy productivos, hemos podido mostrar los avances que realizamos y seguimos produciendo hacia adelante. Es una provincia que nos muestra un modelo de trabajo a seguir, una concepci\u00f3n de desarrollo productivo que me gustar\u00eda mostrar en otros lugares\u201d.<\/p>\n<p>Posteriormente continu\u00f3 con la tem\u00e1tica relacionada a la reactivaci\u00f3n econ\u00f3mica para el 2021.<\/p>\n<p>\u201cQuiero compartir los lineamientos centrales que tenemos respecto a la reactivaci\u00f3n econ\u00f3mica prevista para este a\u00f1o. Sabemos que el 2020 fue una crisis internacional in\u00e9dita, con ca\u00eddas econ\u00f3micas en distintos puntos del planeta, con afectaci\u00f3n a los pa\u00edses m\u00e1s importante del mundo, con ca\u00eddas significativas de la producci\u00f3n y del empleo. En Argentina pusimos en marcha diferentes programas para apoyo de la producci\u00f3n y de contenci\u00f3n en lo social para evitar da\u00f1os mayores. Estos programas implicaron esfuerzos fiscales. Fue un paquete de ayuda in\u00e9dito, porque la crisis fue de dimensiones siniestras. Lanzamos los ATP y permiti\u00f3 que la mitad de las empresas en Argentina pagaran los salarios con asistencia del Estado Nacional, un programa in\u00e9dito\u201d, dijo el funcionario.<\/p>\n<p>A su vez, hizo menci\u00f3n al panorama provincial diciendo que \u201cen San Juan se asisti\u00f3 a 3.200 pymes, abonando el salario a 31.500 trabajadores por un monto de 1.000 millones de pesos. Adem\u00e1s se implementaron cr\u00e9ditos de tasa cero\u201d.<\/p>\n<p>Por otro lado agreg\u00f3 que \u00abla pandemia gener\u00f3 una recesi\u00f3n global que ac\u00e1 en Argentina golpe\u00f3 muy fuerte, fundamentalmente entre marzo y agosto. Hemos visto una ca\u00edda fuerte en ese periodo, pero terminamos con mucha esperanza el 2020, porque desde agosto comenzamos a notar se\u00f1ales claras de reactivaci\u00f3n. Hay sectores que est\u00e1n empujando el crecimiento y otros que est\u00e1n muy golpeados\u201d.<\/p>\n<p>El ministro continu\u00f3 diciendo que \u201cterminamos el a\u00f1o con datos del INDEC ya informando en la actividad industrial con un crecimiento del 5% respecto al 2019. La industria creciendo y la construcci\u00f3n aument\u00f3 el 27%. Fue un a\u00f1o dif\u00edcil que termina con una luz de esperanza muy clara, con un crecimiento sostenido\u201d.<\/p>\n<p>En cuanto a las causas de esta reactivaci\u00f3n, Kulfas explic\u00f3 que \u00abesta reactivaci\u00f3n no es simplemente un rebote, queremos mostrar que hemos modificado el coraz\u00f3n de las pol\u00edticas productivas y las pol\u00edticas industriales en Argentina. Cambiamos fuerte una pol\u00edtica que en el gobierno anterior desatendi\u00f3 a los sectores productivos, que implement\u00f3 pol\u00edticas monetarias dur\u00edsimas. Esto fue lo que modificamos sustancialmente y por eso esta reactivaci\u00f3n ya comenz\u00f3.<\/p>\n<p>El ministro Kulfas habl\u00f3 sobre los cuatro ejes en los que se basa la implementaci\u00f3n de medidas tendientes a la reactivaci\u00f3n econ\u00f3mica del pa\u00eds.<\/p>\n<p>Al respecto, el funcionario dijo que \u201cel primero, la reaparici\u00f3n del cr\u00e9dito a la producci\u00f3n y a las pymes a tasas razonables. El piso de las tasas que ten\u00eda el Banco Central en 2018 ya part\u00eda del 73%, algo inviable. Es por eso que hemos reducido sustancialmente el costo de financiamiento con la nueva pol\u00edtica monetaria por parte del Banco Central y con mecanismos de complementaci\u00f3n. Porque los problemas son dos. Uno es el costo del financiamiento y el otro es la accesibilidad. Hay en el pa\u00eds muchas empresas que nunca acceden al financiamiento. Esto lo modificamos y ya se nota. Durante el 2020, entre enero y octubre, el cr\u00e9dito a la producci\u00f3n aument\u00f3 80% en t\u00e9rminos reales. Es decir partimos de un gobierno anterior que hab\u00eda dejado un sistema productivo sin financiamiento a otro donde lo recuperamos con mucha velocidad\u201d.<\/p>\n<p>En cuanto al segundo eje puntualiz\u00f3 que \u201ces la pol\u00edtica industrial dirigida al desarrollo de proveedores, con una administraci\u00f3n inteligente del comercio exterior. Se acab\u00f3 en el pa\u00eds que de lo mismo el trabajo argentino o el trabajo importado. Cuando se descuida al mercado interno, lo que se hace es desatender la generaci\u00f3n de empleo en el pa\u00eds, por eso no fue causalidad que entre 2015 y 2019 casi todas las provincias tuvieron una ca\u00edda. Hemos negociado la recuperaci\u00f3n en las compras de diferentes cadenas productivas a los proveedores nacionales, con programa de desarrollo de proveedores\u201d.<\/p>\n<p>Kulfas se refiri\u00f3 al tercer eje hablando de \u201cprogramas sectoriales en las mesas del acuerdo econ\u00f3mico y social. Hace meses que estamos trabajando sector por sector, las \u00e1reas de gobierno involucradas con los sectores empresarios, las c\u00e1maras y los sectores sindicales\u201d. Continu\u00f3 diciendo: \u201cAs\u00ed como no creemos en las soluciones m\u00e1gicas, pensamos que hay muchos convenios laborales que son arcaicos, que tienen 40 o 50 a\u00f1os de historia y que tienen que ser actualizados, y en esto coincidimos con los sindicatos. Por otro lado, el sector automotriz anunci\u00f3 inversiones por 5.000 millones de d\u00f3lares, inversiones que tienen dos caracter\u00edsticas que m\u00e1s nos interesan. Primero, m\u00e1s contenido nacional. Cuando se fue Mauricio Macri, las empresas automotrices estaban comprando en el pa\u00eds entre un 20 y 25% de componentes. Hoy todos los proyectos nuevos tienen entre el 40y 45% de componentes nacionales. La segunda cuesti\u00f3n tiene que ver con m\u00e1s orientaci\u00f3n exportadora. Necesitamos que la industria automotriz ayude a tener econom\u00eda m\u00e1s estable y esto es tener un mejor equilibrio en la balanza comercial.<\/p>\n<p>Al disertar sobre el cuarto punto, el ministro explic\u00f3 que \u201ctiene que ver con las pol\u00edticas de est\u00edmulo al consumo en bienes de producci\u00f3n nacional, y as\u00ed fue que lanzamos Ahora 12 con m\u00e1s beneficios, para estimular la recuperaci\u00f3n en medio de la pandemia, los cr\u00e9ditos para motos y otros tipos de medidas. Todo esto configur\u00f3 buena parte del escenario que permiti\u00f3 que 11 ramas industriales est\u00e9n en franco proceso de crecimiento. El sector de fabricaci\u00f3n de autos aument\u00f3 el 20% de su producci\u00f3n por primera vez en a\u00f1os. Los cinco modelos m\u00e1s vendidos fueron de fabricaci\u00f3n nacional. Logramos que la mitad de los autos que se venden en el pa\u00eds sean nacionales. Hay cadenas productivas que se recuperan que hab\u00edan sido dejadas a la deriva y que vuelven a generar trabajo, empleo e inversiones. Todo esto con una mirada federal y en coordinaci\u00f3n permanente con los gobiernos provinciales. Y ac\u00e1 es un ejemplo\u201d.<\/p>\n<p>El funcionario continu\u00f3 con la disertaci\u00f3n diciendo que \u00abas\u00ed pusimos en marcha programas de financiamiento en cada una de las provincias, para apuntalar los proyectos que las provincias consideran que son prioritarios y estrat\u00e9gicos. Los desaf\u00edos del desarrollo, necesitamos crecer y recuperar el terreno perdido del coronavirus. Hemos ya recuperado todos los empleos que se perdieron durante la crisis de la pandemia. La industria ya aument\u00f3 el empleo seis meses consecutivos, algo que no ocurr\u00eda desde el 2015. En producci\u00f3n hay 30.000 empleos nuevos.<\/p>\n<p>Durante la conferencia tambi\u00e9n plante\u00f3 las estrategias que est\u00e1n implementando y que implementar\u00e1n, para poder seguir en el camino de la reactivaci\u00f3n econ\u00f3mica, aclarando que esta recuperaci\u00f3n no debe ser simplemente de lo perdido sino tambi\u00e9n poder proyectar un crecimiento de varios a\u00f1os.<\/p>\n<p>En este sentido, plante\u00f3 cuatro desaf\u00edos estructurales a los que se llegar\u00e1 a trav\u00e9s del consenso.<\/p>\n<p>\u201cEl primero se relaciona con los recursos naturales. Hay un debate respecto que hacer con esto y aparece el t\u00e9rmino extractivismo, que tiene que ver con actividades como la miner\u00eda e incluso la agricultura. Nuestra visi\u00f3n es que los recursos naturales tienen que ser una palanca para el desarrollo econ\u00f3mico y social. Tiene que ser una fuente para generar encadenamientos productivos. Lo digo ac\u00e1 que es una provincia que tiene muy claro de lo que estamos hablando porque lo trabaj\u00f3 bien\u201d, dio el funcionario.<\/p>\n<p>Kulfas agreg\u00f3 que \u00ables cuento que lanzamos el jueves pasado a nivel nacional el programa de proveedores. Es un programa que el proyecto m\u00e1s importante es Indumet, de San Juan. Ten\u00eda programa de varias provincias, ninguna tocaba la ciudad de Buenos Aires. Recordaba el modelo que se planteaba antes, modelo abanico donde todo terminaba en Buenos Aires. Era un pa\u00eds armado alrededor del puerto. Pero esta vez fue al rev\u00e9s. Fue un encadenamiento productivo que ten\u00eda eje en San Juan. Creo que estamos en condiciones de pensar con los recursos naturales la creaci\u00f3n de la nueva centralidad en el pa\u00eds. Pensar en nuevas centralidades, estamos en condiciones de hacerlo\u201d.<\/p>\n<p>Agreg\u00f3 adem\u00e1s que \u201cla miner\u00eda tiene una capacidad para relacionar el conjunto de proveedores, industriales, tecnol\u00f3gicos. Me pareci\u00f3 fascinante ver el mecanismo de control ambiental que hacen en San Juan, tenemos que darlo a conocer. Se usa tecnolog\u00eda de \u00faltima generaci\u00f3n viendo lo que ocurre en cada proyecto minero, monitoreando. Y eso habla de sustentabilidad. No hablamos de miner\u00eda bajo cualquier circunstancia. Esto tiene que movilizar talento, conocimiento, producci\u00f3n industrial, servicio de toda una comunidad que irradia al resto del pa\u00eds. Tenemos la posibilidad de toda una revoluci\u00f3n de recursos naturales para el desarrollo productivo, tecnol\u00f3gico y social\u201d.<\/p>\n<p>Al referirse al segundo desaf\u00edo puntualiz\u00f3 que \u00abes la revoluci\u00f3n verde. Estamos enamorados de esta idea. Pero esto se hace con m\u00e1s miner\u00eda. Tenemos que reemplazar cientos de miles de veh\u00edculos que generan contaminaci\u00f3n en las grandes ciudades. Hay que reemplazarlos por veh\u00edculos el\u00e9ctricos. Pero este veh\u00edculo requiere cinco o seis veces m\u00e1s de cobre que un veh\u00edculo convencional. Las energ\u00edas renovables que tanto veneramos requieren tambi\u00e9n m\u00e1s cobre y otros minerales que las convencionales. Por eso, la discusi\u00f3n no es miner\u00eda si o miner\u00eda no. Miner\u00eda sustentable e inclusiva, que tenga resguardos ambientales necesarios. En esa direcci\u00f3n estamos y me alegra ver que ac\u00e1 hay un caso concreto. Ustedes han entrado en este camino y ojal\u00e1 se pueda llevar a diferentes puntos del pa\u00eds\u201d.<\/p>\n<p>Agreg\u00f3 adem\u00e1s que \u00abestamos trabajando en incorporar estos elementos en la matriz productiva. Hace pocos d\u00edas firmamos un acuerdo con una empresa en China que est\u00e1 interesada en hacer en Argentina bater\u00edas de litio y veh\u00edculos el\u00e9ctricos. Tenemos un gran paquete para desarrollar en Argentina. Pero nos resignamos a ser tomadores de tecnolog\u00eda. Porque seremos prisioneros. Tenemos que desarrollar y fabricar en el pa\u00eds. No todo pero si buena parte de esa tecnolog\u00eda.<\/p>\n<p>Sobre el tercer punto se\u00f1al\u00f3 que \u201ces la econom\u00eda del conocimiento. Es la plataforma central para hacer viables los dos puntos anteriores. El a\u00f1o pasado, el Congreso sancion\u00f3 una ley de econom\u00eda del conocimiento que plantea que cada sector pueda multiplicar sus capacidades. Argentina tuvo una ley de software en 2004, y se cre\u00f3 una nueva industria. Se arm\u00f3 una red de servicios profesionales, de tecnolog\u00eda que permiti\u00f3 que tengamos m\u00e1s de 50 mil profesionales, trabajando en el sector. Estamos convencidos de que ser\u00e1 fuente de crecimiento muy importante. Por eso me alegro que est\u00e9n representantes de universidades porque tendr\u00e1n un papel central en este proceso. San Juan tendr\u00e1 un rol important\u00edsimo en este proceso\u00bb.<\/p>\n<p>Kulfas lleg\u00f3 al cuarto punto diciendo que se trata de \u201cla infusi\u00f3n financiera de las pymes y el financiamiento de las inversiones. Estamos convencidos de que tenemos que dar un salto decisivo de infusi\u00f3n financiera. En general siempre terminan financiando siempre las mismas empresas. Argentina tiene que dar un salto decisivo y el instrumento. Hemos creado, por decisi\u00f3n del presidente, el Fondo de Garant\u00edas Argentino (Fogar). Este fondo permite avalar, amortizar tanto de manera directa a las empresas. Significa la posibilidad de que muchas que no acceden al cr\u00e9dito porque hist\u00f3ricamente han quedado relegadas, el Estado da con este fondo, garant\u00edas\u00bb.<\/p>\n<p>El Fogar permiti\u00f3 en pandemia que 46 mil pymes puedan acceder al cr\u00e9dito y que 500 mil profesionales tambi\u00e9n lo hicieran . Kulfas dijo que esto se va a multiplicar.<\/p>\n<p>\u201cTenemos ya un fondo de m\u00e1s de 100 mil millones de pesos consolidados. Al mismo tiempo, se\u00f1alar que estamos generando trajes a medida para cada sector empresario. Por eso lanzamos cr\u00e9ditos de acceso a micro empresas, por ejemplo. Cada semana estamos lanzando nuevas l\u00edneas\u201d.<\/p>\n<p>Por otro lado remarc\u00f3 que \u00abquiero referirme tambi\u00e9n a la reactivaci\u00f3n y la justicia social. Tenemos el desaf\u00edo en esta reactivaci\u00f3n el impacto positivo de los bolsillos de los trabajadores y trabajadoras. Hay dos maneras de conseguir esto. Una es generar empleos, otra que crezcan los salarios reales. Queremos que este a\u00f1o la reactivaci\u00f3n del empleo y al mismo tiempo que mejore el salario. Respecto al empleo, ya est\u00e1 ocurriendo. El sector industrial est\u00e1 generando empleos. Al mismo tiempo queremos trabajar en que el salario le gane a la inflaci\u00f3n. Para hacerlo tenemos ya definido en los pr\u00f3ximos d\u00edas la convocatoria a esta mesa de discusi\u00f3n en el marco del acuerdo econ\u00f3mico y social, con los sectores del trabajo, los sindicatos y con los autores de empresas, los formadores de precios. El objetivo es en el marco macroecon\u00f3mico donde se plantea una tasa de inflaci\u00f3n en torno al 30%, puedan conciliar y plantear el objetivo de que el salario crezca algunos puntos por encima de la inflaci\u00f3n\u201d.<\/p>\n<p>Agreg\u00f3 que \u201cno son temas sencillos. En Argentina tenemos un tema inflacionario que ha persistido en el tiempo. Lamentablemente el gobierno anterior lo plante\u00f3 como un tema f\u00e1cil, arregl\u00e1ndolo con pol\u00edticas restrictivas, tasas de inter\u00e9s muy altas. El resultado estuvo a la vista. El pa\u00eds tuvo el doble de inflaci\u00f3n. El a\u00f1o pasado logramos reducir fuertemente la inflaci\u00f3n en alrededor de 20 puntos, pero obviamente no alcanza. Queremos tener un mecanismo de coordinaci\u00f3n a la baja de la inflaci\u00f3n que permita todos los a\u00f1os reducirlas a dos puntos\u201d.<\/p>\n<p>Dijo adem\u00e1s que \u201cla inflaci\u00f3n es un problema de ra\u00edz macroecon\u00f3mica y ah\u00ed est\u00e1 la cuesti\u00f3n de la consistencia monetaria fiscal, la pol\u00edtica fiscal de ir reduciendo el d\u00e9ficit de manera consistente, con pol\u00edticas de crecimiento que permitan ir acomodando con ingresos fiscales mayores en una reducci\u00f3n del d\u00e9ficit\u201d.<\/p>\n<p>El ministro habl\u00f3 sobre los mecanismos de coordinaci\u00f3n y auxilio que permiten ayudar m\u00e1s r\u00e1pido a la desinflaci\u00f3n. \u201cTenemos la canasta de precios cuidados, que es una canasta con precios de referencia para determinados productos en todo el pa\u00eds, el programa de precios m\u00e1ximos, y el programa del acuerdo con la carne\u201d.<\/p>\n<p>Para concluir, Kulfas subray\u00f3 que \u00abtenemos la mirada puesta en los grandes desaf\u00edos. Que el corto plazo no nos haga olvidar los desaf\u00edos hacia adelante para desarrollar las cadenas productivas en todo el pa\u00eds, de ir descentralizando la actividad econ\u00f3mica, generando nuevos centros productivos y tecnol\u00f3gicos que se diseminen por todo el pa\u00eds. Con la mirada en la tecnolog\u00eda. Estamos en la d\u00e9cada de transformaciones enormes, es la d\u00e9cada 4.0. Tenemos que generar la estabilidad para sumar producci\u00f3n, conocimiento y estamos a la altura de las circunstancias. Tenemos que hacerlo entre todos. Estoy muy contento de estar aqu\u00ed y reflejar a todo el pa\u00eds. Estamos en el camino correcto\u201d.<\/p>\n<p>Para finalizar con la jornada, el gobernador U\u00f1ac agradeci\u00f3 la visita del funcionario a la mina Veladero. \u201cVisitaran un emprendimiento que es muy caro al sentimiento de todos los sanjuaninos. Escucharte hablar de matriz productiva, de econom\u00edas regionales, de desarrollo econ\u00f3mico, y hacer hincapi\u00e9 en una actividad que para nosotros es muy importante como la miner\u00eda, es algo que nos enorgullece. Tu presencia en Veladero y la foto recorriendo el pa\u00eds, nos hace pensar que la miner\u00eda es parte del desarrollo que el pa\u00eds necesita. Tenemos que dar vuelta a la p\u00e1gina en la antinomia miner\u00eda s\u00ed o no. Y hacer esfuerzo para replicar lo que esta y otras provincias hacemos que es hacer miner\u00eda de la manera m\u00e1s responsable posible, cuidando la seguridad de las personas y tambi\u00e9n el ambiente\u201d, dijo.<\/p>\n<p>El mandatario continu\u00f3 diciendo que \u00abesta mirada que se puede hacer de las grandes inversiones que pueden llegar al pa\u00eds. Es un tratamiento particular, una mirada pormenorizada sobre qu\u00e9 condiciones podemos generar en conjunto para incentivar esas inversiones. Eso nos hace pensar que Josemar\u00eda puede ser una realidad en la provincia de San Juan. Ser\u00eda inyectar un porte econ\u00f3mico y social m\u00e1s que significativa para la provincia. Invitar\u00eda la llegada de Josemar\u00eda una duplicaci\u00f3n de las exportaciones de nuestro pa\u00eds y de nuestra provincia. Gracias por mostrar que el camino que venimos transitando, que podemos mejorar, pero es un camino posible, donde la diversificaci\u00f3n de la matriz productiva es una realidad y donde la miner\u00eda significa esperanza y progreso para sanjuaninos y argentinos\u201d.<\/p>\n<p>&nbsp;<\/p>\n<p><img loading=\"lazy\" decoding=\"async\" class=\"alignnone wp-image-34945 size-full\" src=\"https:\/\/vocesparalelas.com.ar\/sitio\/wp-content\/uploads\/2021\/02\/NACION-CONFERENCIA-02.jpg\" alt=\"\" width=\"800\" height=\"800\" srcset=\"https:\/\/vocesparalelas.com.ar\/sitio\/wp-content\/uploads\/2021\/02\/NACION-CONFERENCIA-02.jpg 800w, https:\/\/vocesparalelas.com.ar\/sitio\/wp-content\/uploads\/2021\/02\/NACION-CONFERENCIA-02-300x300.jpg 300w, https:\/\/vocesparalelas.com.ar\/sitio\/wp-content\/uploads\/2021\/02\/NACION-CONFERENCIA-02-150x150.jpg 150w, https:\/\/vocesparalelas.com.ar\/sitio\/wp-content\/uploads\/2021\/02\/NACION-CONFERENCIA-02-768x768.jpg 768w\" sizes=\"auto, (max-width: 800px) 100vw, 800px\" \/><\/p>\n<p>&nbsp;<\/p>\n<p>&nbsp;<\/p>\n","protected":false},"excerpt":{"rendered":"<p>Durante la jornada del S\u00e1bado, 6 de Febrero, en la Sala Rogelio Cerdera de Casa de Gobierno de San Juan,<\/p>\n","protected":false},"author":3,"featured_media":34944,"comment_status":"closed","ping_status":"closed","sticky":false,"template":"","format":"standard","meta":{"_acf_changed":false,"_seopress_robots_primary_cat":"none","_seopress_titles_title":"","_seopress_titles_desc":"","_seopress_robots_index":"","colormag_page_container_layout":"default_layout","colormag_page_sidebar_layout":"default_layout","footnotes":""},"categories":[10],"tags":[],"class_list":["post-34942","post","type-post","status-publish","format-standard","has-post-thumbnail","hentry","category-opiniones"],"acf":[],"_links":{"self":[{"href":"https:\/\/vocesparalelas.com.ar\/sitio\/wp-json\/wp\/v2\/posts\/34942","targetHints":{"allow":["GET"]}}],"collection":[{"href":"https:\/\/vocesparalelas.com.ar\/sitio\/wp-json\/wp\/v2\/posts"}],"about":[{"href":"https:\/\/vocesparalelas.com.ar\/sitio\/wp-json\/wp\/v2\/types\/post"}],"author":[{"embeddable":true,"href":"https:\/\/vocesparalelas.com.ar\/sitio\/wp-json\/wp\/v2\/users\/3"}],"replies":[{"embeddable":true,"href":"https:\/\/vocesparalelas.com.ar\/sitio\/wp-json\/wp\/v2\/comments?post=34942"}],"version-history":[{"count":1,"href":"https:\/\/vocesparalelas.com.ar\/sitio\/wp-json\/wp\/v2\/posts\/34942\/revisions"}],"predecessor-version":[{"id":34946,"href":"https:\/\/vocesparalelas.com.ar\/sitio\/wp-json\/wp\/v2\/posts\/34942\/revisions\/34946"}],"wp:featuredmedia":[{"embeddable":true,"href":"https:\/\/vocesparalelas.com.ar\/sitio\/wp-json\/wp\/v2\/media\/34944"}],"wp:attachment":[{"href":"https:\/\/vocesparalelas.com.ar\/sitio\/wp-json\/wp\/v2\/media?parent=34942"}],"wp:term":[{"taxonomy":"category","embeddable":true,"href":"https:\/\/vocesparalelas.com.ar\/sitio\/wp-json\/wp\/v2\/categories?post=34942"},{"taxonomy":"post_tag","embeddable":true,"href":"https:\/\/vocesparalelas.com.ar\/sitio\/wp-json\/wp\/v2\/tags?post=34942"}],"curies":[{"name":"wp","href":"https:\/\/api.w.org\/{rel}","templated":true}]}}