{"id":34939,"date":"2021-02-07T20:37:31","date_gmt":"2021-02-07T23:37:31","guid":{"rendered":"http:\/\/vocesparalelas.com.ar\/sitio\/?p=34939"},"modified":"2021-02-08T22:52:26","modified_gmt":"2021-02-09T01:52:26","slug":"203-aniversario-de-la-independencia-de-la-republica-de-chile","status":"publish","type":"post","link":"https:\/\/vocesparalelas.com.ar\/sitio\/203-aniversario-de-la-independencia-de-la-republica-de-chile\/","title":{"rendered":"203\u00b0 Aniversario de la Independencia de la Rep\u00fablica de Chile"},"content":{"rendered":"<p>El Viernes, 12 de Febrero, a las 09::30 hs, en la Plaza San Mart\u00edn, del Departamento Albard\u00f3n se desarrolla el acto del 203\u00b0 Aniversario de la Independencia de la Rep\u00fablica de Chile.<\/p>\n<p>Por ello, la comunidad chilena invita a la comunidad a participar para que se reafirmen los lazos de integraci\u00f3n entre Argentina y Chile.<\/p>\n<p>&nbsp;<\/p>\n<p>&nbsp;<\/p>\n<p>&nbsp;<\/p>\n","protected":false},"excerpt":{"rendered":"<p>El Viernes, 12 de Febrero, a las 09::30 hs, en la Plaza San Mart\u00edn, del Departamento Albard\u00f3n se desarrolla el<\/p>\n","protected":false},"author":3,"featured_media":33292,"comment_status":"closed","ping_status":"closed","sticky":false,"template":"","format":"standard","meta":{"_acf_changed":false,"_seopress_robots_primary_cat":"none","_seopress_titles_title":"","_seopress_titles_desc":"","_seopress_robots_index":"","colormag_page_container_layout":"default_layout","colormag_page_sidebar_layout":"default_layout","footnotes":""},"categories":[6],"tags":[],"class_list":["post-34939","post","type-post","status-publish","format-standard","has-post-thumbnail","hentry","category-eventos"],"acf":[],"_links":{"self":[{"href":"https:\/\/vocesparalelas.com.ar\/sitio\/wp-json\/wp\/v2\/posts\/34939","targetHints":{"allow":["GET"]}}],"collection":[{"href":"https:\/\/vocesparalelas.com.ar\/sitio\/wp-json\/wp\/v2\/posts"}],"about":[{"href":"https:\/\/vocesparalelas.com.ar\/sitio\/wp-json\/wp\/v2\/types\/post"}],"author":[{"embeddable":true,"href":"https:\/\/vocesparalelas.com.ar\/sitio\/wp-json\/wp\/v2\/users\/3"}],"replies":[{"embeddable":true,"href":"https:\/\/vocesparalelas.com.ar\/sitio\/wp-json\/wp\/v2\/comments?post=34939"}],"version-history":[{"count":1,"href":"https:\/\/vocesparalelas.com.ar\/sitio\/wp-json\/wp\/v2\/posts\/34939\/revisions"}],"predecessor-version":[{"id":34941,"href":"https:\/\/vocesparalelas.com.ar\/sitio\/wp-json\/wp\/v2\/posts\/34939\/revisions\/34941"}],"wp:featuredmedia":[{"embeddable":true,"href":"https:\/\/vocesparalelas.com.ar\/sitio\/wp-json\/wp\/v2\/media\/33292"}],"wp:attachment":[{"href":"https:\/\/vocesparalelas.com.ar\/sitio\/wp-json\/wp\/v2\/media?parent=34939"}],"wp:term":[{"taxonomy":"category","embeddable":true,"href":"https:\/\/vocesparalelas.com.ar\/sitio\/wp-json\/wp\/v2\/categories?post=34939"},{"taxonomy":"post_tag","embeddable":true,"href":"https:\/\/vocesparalelas.com.ar\/sitio\/wp-json\/wp\/v2\/tags?post=34939"}],"curies":[{"name":"wp","href":"https:\/\/api.w.org\/{rel}","templated":true}]}}